{"id":68849,"date":"2025-09-28T17:13:55","date_gmt":"2025-09-28T17:13:55","guid":{"rendered":"https:\/\/lahora.mx\/?p=68849"},"modified":"2025-09-28T17:13:56","modified_gmt":"2025-09-28T17:13:56","slug":"resurge-industria-del-calzado-con-impulso-a-cooperativas-y-riqueza-comunitaria","status":"publish","type":"post","link":"https:\/\/lahora.mx\/index.php\/2025\/09\/28\/resurge-industria-del-calzado-con-impulso-a-cooperativas-y-riqueza-comunitaria\/","title":{"rendered":"Resurge industria del calzado con impulso a cooperativas y riqueza comunitaria"},"content":{"rendered":"\n<p>Al realizar una visita a la F\u00e1brica de Zapatos \u00abCari\u00f1itos\u00bb, del municipio de Tehuac\u00e1n, el gobernador de Puebla, Alejandro Armenta, refrend\u00f3 su compromiso de fortalecer la industria del calzado y de fortalecer la econom\u00eda circular a favor de las familias locales y regionales, con la finalidad de generar riqueza comunitaria.<\/p>\n\n\n\n<p>Durante el recorrido, el gobernador de Puebla, Alejandro Armenta, se\u00f1al\u00f3 que cuando hay voluntad y se suman diversos factores, los sue\u00f1os se pueden hacer realidad. Afirm\u00f3 que el esfuerzo cooperativista se ve convertido en hechos al consolidar la industria del calzado en el municipio de Tehuac\u00e1n, puntualiz\u00f3 que el cooperativismo caracteriza a los gobiernos de la cuarta transformaci\u00f3n. \u00abEsa es la diferencia entre los gobiernos neoliberales que estar\u00edan sentados con uno y con otro\u00bb. Resalt\u00f3 que el gobierno respalda y es aliado de los empresarios, ya que la esencia de la cuarta transformaci\u00f3n es materializar los derechos sociales.<br><br>El titular del ejecutivo reiter\u00f3 que durante su sexenio el zapato se va a comprar en Puebla con las y los productores de Tehuac\u00e1n, ya que explic\u00f3 que la ruta del progreso es potencializar la industria y eso significa soberan\u00eda y nacionalismo, a favor de la econom\u00eda local. Dicha visi\u00f3n asever\u00f3, fortalece a la micro, peque\u00f1a mediana empresa; as\u00ed como al sector primario, agropecuario y terciario, lo que se ver\u00e1 reflejado en condiciones de igualdad.<\/p>\n\n\n\n<p>El gobernador Alejandro Armenta enfatiz\u00f3 que la pobreza se combate al generar riqueza y el gobierno debe ser facilitador, por ello la industria zapatera en Tehuac\u00e1n trasladan la riqueza comunitaria a cada uno de sus trabajadores y eso propicia un c\u00edrculo virtuoso de desarrollo. \u00abEn este sexenio la industria del zapato tiene que resurgir y lo vamos a lograr\u00bb, afirm\u00f3.<\/p>\n\n\n\n<p>Durante la visita al taller, el presidente de la Industria del Calzado del Estado de Puebla, Isael N\u00e1jera Ventura, destac\u00f3 que dicho sector estuvo olvidado por m\u00e1s de 50 a\u00f1os y se\u00f1al\u00f3 que cada uno de sus antecesores trabajaron por la industria, por ello reconoci\u00f3 al gobernador Alejandro Armenta por voltear a verlo. \u00abEstamos muy agradecidos, confiamos en usted, esa confianza que nos di\u00f3 a nosotros nos fortalece, nos hace seguir unidos\u00bb, puntualiz\u00f3<\/p>\n\n\n\n<p>En su oportunidad, el presidente municipal de Tehuac\u00e1n, Alejandro Barroso Ch\u00e1vez, reconoci\u00f3 la iniciativa y liderazgo del mandatario estatal para unificar y crear la cooperativa de calzado, ya que con ello impulsan la econom\u00eda local y se desarrollan nuevos empleos. El edil refrend\u00f3 su compromiso con cada uno de los proyectos que encabeza el gobernador de Puebla y la presidenta Claudia Sheinbaum.<\/p>\n\n\n\n<p>La due\u00f1a de la F\u00e1brica de Calzado \u00abCari\u00f1itos\u00bb, la se\u00f1ora Margarita Vargas, mencion\u00f3 que junto con su esposo, el se\u00f1or Esteban, hace 35 a\u00f1os fundaron este negocio y nunca antes hab\u00edan observado un impulso a la industria del calzado como lo hace en la actualidad el gobernador Alejandro Armenta. Indic\u00f3 que se trata de un sue\u00f1o cumplido y asegur\u00f3 que las y los trabajadores aumentaron sus ingresos.<\/p>\n\n\n\n<p>Su hija Janet Pacheco Vargas, encargada de la producci\u00f3n, junto a 50 empleados, coment\u00f3 que con el proyecto del gobernador se tiene una buena solvencia en la industria ya que es m\u00e1s f\u00e1cil para las familias cubrir los gastos de sus hijos. Finalmente, Ernestina S\u00e1nchez, madre trabajadora que desde hace 12 a\u00f1os est\u00e1 inmersa en la creaci\u00f3n de calzado, reconoci\u00f3 que muchos talleres funcionan gracias a la colaboraci\u00f3n con el Gobierno del Estado y expres\u00f3 su reconocimiento a ser considerados por parte del mandatario Alejandro Armenta.<\/p>\n\n\n\n<p>Durante la reuni\u00f3n tambi\u00e9n estuvieron presentes el secretario de Gobernaci\u00f3n, Samuel Aguilar Pala; el titular de Seguridad P\u00fablica, Vicealmirante Francisco S\u00e1nchez Gonz\u00e1lez; el secretario de Desarrollo Econ\u00f3mico y Trabajo, V\u00edctor Gabriel Chedraui; la diputada federal Rosario Orozco Caballero; las legisladoras locales Leonela Jazm\u00edn Martinez Ayala y Araceli Celestino Rosas; as\u00ed como productores y productoras de zapato de Tehuac\u00e1n.<\/p>\n","protected":false},"excerpt":{"rendered":"<p>Al realizar una visita a la F\u00e1brica de Zapatos \u00abCari\u00f1itos\u00bb, del municipio de Tehuac\u00e1n, el gobernador de Puebla, Alejandro Armenta, refrend\u00f3 su compromiso de fortalecer la industria del calzado y de fortalecer la econom\u00eda circular a favor de las familias locales y regionales, con la finalidad de generar riqueza comunitaria. Durante el recorrido, el gobernador [&hellip;]<\/p>\n","protected":false},"author":4,"featured_media":68850,"comment_status":"open","ping_status":"open","sticky":false,"template":"","format":"standard","meta":{"om_disable_all_campaigns":false,"_monsterinsights_skip_tracking":false,"_monsterinsights_sitenote_active":false,"_monsterinsights_sitenote_note":"","_monsterinsights_sitenote_category":0,"footnotes":""},"categories":[175],"tags":[239],"class_list":["post-68849","post","type-post","status-publish","format-standard","has-post-thumbnail","hentry","category-local","tag-gobierno"],"amp_enabled":true,"_links":{"self":[{"href":"https:\/\/lahora.mx\/index.php\/wp-json\/wp\/v2\/posts\/68849","targetHints":{"allow":["GET"]}}],"collection":[{"href":"https:\/\/lahora.mx\/index.php\/wp-json\/wp\/v2\/posts"}],"about":[{"href":"https:\/\/lahora.mx\/index.php\/wp-json\/wp\/v2\/types\/post"}],"author":[{"embeddable":true,"href":"https:\/\/lahora.mx\/index.php\/wp-json\/wp\/v2\/users\/4"}],"replies":[{"embeddable":true,"href":"https:\/\/lahora.mx\/index.php\/wp-json\/wp\/v2\/comments?post=68849"}],"version-history":[{"count":1,"href":"https:\/\/lahora.mx\/index.php\/wp-json\/wp\/v2\/posts\/68849\/revisions"}],"predecessor-version":[{"id":68851,"href":"https:\/\/lahora.mx\/index.php\/wp-json\/wp\/v2\/posts\/68849\/revisions\/68851"}],"wp:featuredmedia":[{"embeddable":true,"href":"https:\/\/lahora.mx\/index.php\/wp-json\/wp\/v2\/media\/68850"}],"wp:attachment":[{"href":"https:\/\/lahora.mx\/index.php\/wp-json\/wp\/v2\/media?parent=68849"}],"wp:term":[{"taxonomy":"category","embeddable":true,"href":"https:\/\/lahora.mx\/index.php\/wp-json\/wp\/v2\/categories?post=68849"},{"taxonomy":"post_tag","embeddable":true,"href":"https:\/\/lahora.mx\/index.php\/wp-json\/wp\/v2\/tags?post=68849"}],"curies":[{"name":"wp","href":"https:\/\/api.w.org\/{rel}","templated":true}]}}