{"id":68816,"date":"2025-09-26T21:04:49","date_gmt":"2025-09-26T21:04:49","guid":{"rendered":"https:\/\/lahora.mx\/?p=68816"},"modified":"2025-09-26T21:04:51","modified_gmt":"2025-09-26T21:04:51","slug":"realizan-defensa-y-guardia-nacional-cateo-en-el-penal-de-puebla","status":"publish","type":"post","link":"https:\/\/lahora.mx\/index.php\/2025\/09\/26\/realizan-defensa-y-guardia-nacional-cateo-en-el-penal-de-puebla\/","title":{"rendered":"Realizan DEFENSA y Guardia Nacional cateo en el penal de Puebla"},"content":{"rendered":"\n<p>En seguimiento a las acciones para mantener el orden, la tranquilidad y la gobernabilidad en los centros penitenciarios, la Secretar\u00eda de Seguridad P\u00fablica (SSP), con apoyo de la Secretar\u00eda de la Defensa Nacional (DEFENSA) y Guardia Nacional (GN), efectu\u00f3 una revisi\u00f3n al interior del penal de Puebla.<\/p>\n\n\n\n<p>Este operativo coordinado permiti\u00f3 asegurar 68 objetos punzocortantes, 40 recipientes para el consumo de sustancias il\u00edcitas, cuatro envoltorios con posible marihuana y cristal, as\u00ed como cinco tel\u00e9fonos celulares.<br><br>Tambi\u00e9n, al revisar dormitorios y distintas \u00e1reas se hallaron 14 bocinas, memorias USB, tarjetas SIM, as\u00ed como m\u00e1s de 70 accesorios para equipos telef\u00f3nicos como aud\u00edfonos, cargadores y tarjetas SD.<\/p>\n\n\n\n<p>Del 23 de julio al 20 de septiembre de 2025, la Secretar\u00eda de Seguridad P\u00fablica ha realizado siete operativos de revisi\u00f3n en el centro penitenciario de Puebla, con apoyo de autoridades federales y municipales.<\/p>\n\n\n\n<p>El Gobierno del Estado de Puebla, encabezado por Alejandro Armenta, reitera el compromiso de garantizar un sistema penitenciario m\u00e1s eficiente, transparente y seguro, bajo el principio de legalidad y respeto irrestricto a los derechos humanos.<\/p>\n","protected":false},"excerpt":{"rendered":"<p>En seguimiento a las acciones para mantener el orden, la tranquilidad y la gobernabilidad en los centros penitenciarios, la Secretar\u00eda de Seguridad P\u00fablica (SSP), con apoyo de la Secretar\u00eda de la Defensa Nacional (DEFENSA) y Guardia Nacional (GN), efectu\u00f3 una revisi\u00f3n al interior del penal de Puebla. Este operativo coordinado permiti\u00f3 asegurar 68 objetos punzocortantes, [&hellip;]<\/p>\n","protected":false},"author":4,"featured_media":68817,"comment_status":"open","ping_status":"open","sticky":false,"template":"","format":"standard","meta":{"om_disable_all_campaigns":false,"_monsterinsights_skip_tracking":false,"_monsterinsights_sitenote_active":false,"_monsterinsights_sitenote_note":"","_monsterinsights_sitenote_category":0,"footnotes":""},"categories":[175,226],"tags":[195],"class_list":["post-68816","post","type-post","status-publish","format-standard","has-post-thumbnail","hentry","category-local","category-policia","tag-principal"],"amp_enabled":true,"_links":{"self":[{"href":"https:\/\/lahora.mx\/index.php\/wp-json\/wp\/v2\/posts\/68816","targetHints":{"allow":["GET"]}}],"collection":[{"href":"https:\/\/lahora.mx\/index.php\/wp-json\/wp\/v2\/posts"}],"about":[{"href":"https:\/\/lahora.mx\/index.php\/wp-json\/wp\/v2\/types\/post"}],"author":[{"embeddable":true,"href":"https:\/\/lahora.mx\/index.php\/wp-json\/wp\/v2\/users\/4"}],"replies":[{"embeddable":true,"href":"https:\/\/lahora.mx\/index.php\/wp-json\/wp\/v2\/comments?post=68816"}],"version-history":[{"count":1,"href":"https:\/\/lahora.mx\/index.php\/wp-json\/wp\/v2\/posts\/68816\/revisions"}],"predecessor-version":[{"id":68818,"href":"https:\/\/lahora.mx\/index.php\/wp-json\/wp\/v2\/posts\/68816\/revisions\/68818"}],"wp:featuredmedia":[{"embeddable":true,"href":"https:\/\/lahora.mx\/index.php\/wp-json\/wp\/v2\/media\/68817"}],"wp:attachment":[{"href":"https:\/\/lahora.mx\/index.php\/wp-json\/wp\/v2\/media?parent=68816"}],"wp:term":[{"taxonomy":"category","embeddable":true,"href":"https:\/\/lahora.mx\/index.php\/wp-json\/wp\/v2\/categories?post=68816"},{"taxonomy":"post_tag","embeddable":true,"href":"https:\/\/lahora.mx\/index.php\/wp-json\/wp\/v2\/tags?post=68816"}],"curies":[{"name":"wp","href":"https:\/\/api.w.org\/{rel}","templated":true}]}}