{"id":68813,"date":"2025-09-26T21:03:59","date_gmt":"2025-09-26T21:03:59","guid":{"rendered":"https:\/\/lahora.mx\/?p=68813"},"modified":"2025-09-26T21:04:00","modified_gmt":"2025-09-26T21:04:00","slug":"entrega-pepe-chedraui-apoyos-alimentarios-en-azumiatla","status":"publish","type":"post","link":"https:\/\/lahora.mx\/index.php\/2025\/09\/26\/entrega-pepe-chedraui-apoyos-alimentarios-en-azumiatla\/","title":{"rendered":"Entrega Pepe Chedraui apoyos alimentarios en Azumiatla"},"content":{"rendered":"\n<p>Con la entrega simb\u00f3lica de paquetes alimentarios en la Junta Auxiliar de San Andr\u00e9s Azumiatla, el presidente municipal Pepe Chedraui, refrend\u00f3 el compromiso de respaldar a las familias en situaci\u00f3n de vulnerabilidad a trav\u00e9s del Sistema Municipal DIF (SMDIF).<\/p>\n\n\n\n<p>En su mensaje, el presidente municipal, Pepe Chedraui, reconoci\u00f3 el esfuerzo del SMDIF que encabeza MariElise Budib para llevar el programa de Asistencia Social Alimentaria a cada rinc\u00f3n de la capital poblana y atender las necesidades de nutrici\u00f3n de los grupos vulnerables contribuyendo a mantener una capital en orden.<br><br>Asimismo, afirm\u00f3 que estas acciones se suman al trabajo que lideran la presidenta de la Rep\u00fablica, Claudia Sheinbaum, y el gobernador del estado, Alejandro Armenta, por las familias de M\u00e9xico y Puebla que m\u00e1s lo requieren. \u201cPor eso estamos ac\u00e1 multiplicando los esfuerzos que se tengan que hacer; en este caso, toc\u00f3 la alimentaci\u00f3n imparable y vamos a seguir viniendo\u201d, expres\u00f3.<\/p>\n\n\n\n<p>En este contexto, el director general del SMDIF, Jes\u00fas Alejandro Cort\u00e9s Carrasco, en representaci\u00f3n de la presidenta del Patronato del DIF Puebla Capital, MariElise Budib, destac\u00f3 la labor constante del organismo para atender a los sectores m\u00e1s vulnerables del municipio.<\/p>\n\n\n\n<p>\u201cCon la entrega de estas despensas reafirmamos la convicci\u00f3n y el compromiso absoluto con el bienestar de quienes habitan el municipio. El presidente Pepe Chedraui desde el inicio de esta administraci\u00f3n nos instruy\u00f3 tenderle la mano a quien padece una situaci\u00f3n de vulnerabilidad\u201d, agreg\u00f3.<\/p>\n\n\n\n<p>Asimismo, la titular de la Secretar\u00eda para la Igualdad Sustantiva de G\u00e9nero, Zaira Gonz\u00e1lez G\u00f3mez, expres\u00f3 que con estas acciones se da seguimiento a una pol\u00edtica social que pone al centro la dignidad y el bienestar de las personas. \u201cUn esfuerzo que nace del compromiso de hacer una capital imparable, donde nadie se quede atr\u00e1s y donde cada familia cuente con lo indispensable para vivir con bienestar\u201d, dijo.<\/p>\n\n\n\n<p>En su mensaje, la diputada federal Nora Escamilla, reconoci\u00f3 el trabajo del presidente municipal quien, asegur\u00f3, ha cumplido su palabra al apoyar a las mujeres, regresar a cada una de las juntas auxiliares y estar con las causas en la capital poblana. \u201cSobre todo porque hoy est\u00e1 en el sur, hoy Azumiatla est\u00e1 cien por ciento en la toma de decisiones, hoy este proyecto de dar apoyos alimentarios llega de manera directa a ustedes, sin intermediarios\u201d, puntualiz\u00f3.<\/p>\n\n\n\n<p>De esta forma, el Gobierno de la Ciudad da seguimiento al convenio de colaboraci\u00f3n entre el Sistema Estatal DIF (SEDIF) y el SMDIF, para garantizar la operaci\u00f3n de los programas de Asistencia Social Alimentaria, uno de los ejes prioritarios de la actual administraci\u00f3n.<\/p>\n\n\n\n<p>A trav\u00e9s de esta acci\u00f3n, el DIF de Puebla Capital distribuy\u00f3 paquetes alimentarios dirigidos a madres y padres solteros, mujeres embarazadas o en periodo de lactancia, personas con padecimientos cr\u00f3nico-degenerativos, adultos mayores y personas con alguna discapacidad, quienes son beneficiarios de San Andr\u00e9s Azumiatla y Guadalupe Tecola.<\/p>\n\n\n\n<p>Esta iniciativa se suma a las actividades comunitarias que impulsa el Gobierno de la Ciudad para garantizar el acceso a la alimentaci\u00f3n de los sectores m\u00e1s desprotegidos.<\/p>\n","protected":false},"excerpt":{"rendered":"<p>Con la entrega simb\u00f3lica de paquetes alimentarios en la Junta Auxiliar de San Andr\u00e9s Azumiatla, el presidente municipal Pepe Chedraui, refrend\u00f3 el compromiso de respaldar a las familias en situaci\u00f3n de vulnerabilidad a trav\u00e9s del Sistema Municipal DIF (SMDIF). En su mensaje, el presidente municipal, Pepe Chedraui, reconoci\u00f3 el esfuerzo del SMDIF que encabeza MariElise [&hellip;]<\/p>\n","protected":false},"author":4,"featured_media":68814,"comment_status":"open","ping_status":"open","sticky":false,"template":"","format":"standard","meta":{"om_disable_all_campaigns":false,"_monsterinsights_skip_tracking":false,"_monsterinsights_sitenote_active":false,"_monsterinsights_sitenote_note":"","_monsterinsights_sitenote_category":0,"footnotes":""},"categories":[5],"tags":[],"class_list":["post-68813","post","type-post","status-publish","format-standard","has-post-thumbnail","hentry","category-politica"],"amp_enabled":true,"_links":{"self":[{"href":"https:\/\/lahora.mx\/index.php\/wp-json\/wp\/v2\/posts\/68813","targetHints":{"allow":["GET"]}}],"collection":[{"href":"https:\/\/lahora.mx\/index.php\/wp-json\/wp\/v2\/posts"}],"about":[{"href":"https:\/\/lahora.mx\/index.php\/wp-json\/wp\/v2\/types\/post"}],"author":[{"embeddable":true,"href":"https:\/\/lahora.mx\/index.php\/wp-json\/wp\/v2\/users\/4"}],"replies":[{"embeddable":true,"href":"https:\/\/lahora.mx\/index.php\/wp-json\/wp\/v2\/comments?post=68813"}],"version-history":[{"count":1,"href":"https:\/\/lahora.mx\/index.php\/wp-json\/wp\/v2\/posts\/68813\/revisions"}],"predecessor-version":[{"id":68815,"href":"https:\/\/lahora.mx\/index.php\/wp-json\/wp\/v2\/posts\/68813\/revisions\/68815"}],"wp:featuredmedia":[{"embeddable":true,"href":"https:\/\/lahora.mx\/index.php\/wp-json\/wp\/v2\/media\/68814"}],"wp:attachment":[{"href":"https:\/\/lahora.mx\/index.php\/wp-json\/wp\/v2\/media?parent=68813"}],"wp:term":[{"taxonomy":"category","embeddable":true,"href":"https:\/\/lahora.mx\/index.php\/wp-json\/wp\/v2\/categories?post=68813"},{"taxonomy":"post_tag","embeddable":true,"href":"https:\/\/lahora.mx\/index.php\/wp-json\/wp\/v2\/tags?post=68813"}],"curies":[{"name":"wp","href":"https:\/\/api.w.org\/{rel}","templated":true}]}}