{"id":68810,"date":"2025-09-26T20:40:12","date_gmt":"2025-09-26T20:40:12","guid":{"rendered":"https:\/\/lahora.mx\/?p=68810"},"modified":"2025-09-26T20:40:13","modified_gmt":"2025-09-26T20:40:13","slug":"shannon-caroline-quiroz-garcia-esta-desaparecida-ayuda-a-localizarla","status":"publish","type":"post","link":"https:\/\/lahora.mx\/index.php\/2025\/09\/26\/shannon-caroline-quiroz-garcia-esta-desaparecida-ayuda-a-localizarla\/","title":{"rendered":"Shannon Caroline Quiroz Garc\u00eda est\u00e1 desaparecida, ayuda a localizarla"},"content":{"rendered":"\n<p>Se activ\u00f3 la Alerta Amber para localizar a Shannon Caroline Quiroz Garc\u00eda de 13 a\u00f1os, fue vista por \u00faltima vez en la colonia Xonaca, sus familiares est\u00e1n muy preocupados por lo que solicitan el apoyo de la ciudadan\u00eda y las autoridades para su pronta localizaci\u00f3n.<\/p>\n\n\n\n<p>De acuerdo con lo detallado por la ficha de b\u00fasqueda de la Alerta Amber, Shannon Caroline Quiroz fue vista por \u00faltima vez el pasado 24 de septiembre de 2025, vest\u00eda una sudadera color rosa, pijama color azul cielo y calcetas de color blanco.<br><br>Tiene el cabello largo y lacio de color casta\u00f1o claro, adem\u00e1s de los ojos color miel y una estatura de 1.53.<\/p>\n\n\n\n<p>La fotograf\u00eda de la adolescente ya circula a trav\u00e9s de las diferentes redes sociales, con la finalidad de que alguna persona pueda identificarla y brindar informaci\u00f3n acerca de su paradero.<\/p>\n","protected":false},"excerpt":{"rendered":"<p>Se activ\u00f3 la Alerta Amber para localizar a Shannon Caroline Quiroz Garc\u00eda de 13 a\u00f1os, fue vista por \u00faltima vez en la colonia Xonaca, sus familiares est\u00e1n muy preocupados por lo que solicitan el apoyo de la ciudadan\u00eda y las autoridades para su pronta localizaci\u00f3n. De acuerdo con lo detallado por la ficha de b\u00fasqueda [&hellip;]<\/p>\n","protected":false},"author":4,"featured_media":68811,"comment_status":"open","ping_status":"open","sticky":false,"template":"","format":"standard","meta":{"om_disable_all_campaigns":false,"_monsterinsights_skip_tracking":false,"_monsterinsights_sitenote_active":false,"_monsterinsights_sitenote_note":"","_monsterinsights_sitenote_category":0,"footnotes":""},"categories":[175,226],"tags":[223],"class_list":["post-68810","post","type-post","status-publish","format-standard","has-post-thumbnail","hentry","category-local","category-policia","tag-puebla"],"amp_enabled":true,"_links":{"self":[{"href":"https:\/\/lahora.mx\/index.php\/wp-json\/wp\/v2\/posts\/68810","targetHints":{"allow":["GET"]}}],"collection":[{"href":"https:\/\/lahora.mx\/index.php\/wp-json\/wp\/v2\/posts"}],"about":[{"href":"https:\/\/lahora.mx\/index.php\/wp-json\/wp\/v2\/types\/post"}],"author":[{"embeddable":true,"href":"https:\/\/lahora.mx\/index.php\/wp-json\/wp\/v2\/users\/4"}],"replies":[{"embeddable":true,"href":"https:\/\/lahora.mx\/index.php\/wp-json\/wp\/v2\/comments?post=68810"}],"version-history":[{"count":1,"href":"https:\/\/lahora.mx\/index.php\/wp-json\/wp\/v2\/posts\/68810\/revisions"}],"predecessor-version":[{"id":68812,"href":"https:\/\/lahora.mx\/index.php\/wp-json\/wp\/v2\/posts\/68810\/revisions\/68812"}],"wp:featuredmedia":[{"embeddable":true,"href":"https:\/\/lahora.mx\/index.php\/wp-json\/wp\/v2\/media\/68811"}],"wp:attachment":[{"href":"https:\/\/lahora.mx\/index.php\/wp-json\/wp\/v2\/media?parent=68810"}],"wp:term":[{"taxonomy":"category","embeddable":true,"href":"https:\/\/lahora.mx\/index.php\/wp-json\/wp\/v2\/categories?post=68810"},{"taxonomy":"post_tag","embeddable":true,"href":"https:\/\/lahora.mx\/index.php\/wp-json\/wp\/v2\/tags?post=68810"}],"curies":[{"name":"wp","href":"https:\/\/api.w.org\/{rel}","templated":true}]}}