{"id":68807,"date":"2025-09-26T20:38:10","date_gmt":"2025-09-26T20:38:10","guid":{"rendered":"https:\/\/lahora.mx\/?p=68807"},"modified":"2025-09-26T20:38:11","modified_gmt":"2025-09-26T20:38:11","slug":"alejandro-menor-con-cancer-cumple-su-sueno-de-ser-soldado-por-un-dia","status":"publish","type":"post","link":"https:\/\/lahora.mx\/index.php\/2025\/09\/26\/alejandro-menor-con-cancer-cumple-su-sueno-de-ser-soldado-por-un-dia\/","title":{"rendered":"Alejandro, menor con c\u00e1ncer, cumple su sue\u00f1o de ser soldado por un d\u00eda"},"content":{"rendered":"\n<p>Alejandro Calef Lim\u00f3n Rodr\u00edguez, un peque\u00f1o de 9 a\u00f1os de edad con osteosarcoma, cumpli\u00f3 su sue\u00f1o de ser solado por un d\u00eda, participando en una ceremonia junto a las Fuerzas Armadas en la 25 Zona Militar de Puebla.<\/p>\n\n\n\n<p>Este viernes, Alberto Hern\u00e1ndez Rodr\u00edguez, Sargento del Arma Blindada del 9\u00ba Regimiento, realiz\u00f3 el exhorto al personal y jefes para informar que, recib\u00eda la condecoraci\u00f3n de \u201cSoldado Honarario\u201d, honrando su presencia en la sede.<br><br>Durante el evento, estuvo acompa\u00f1ado por sus familiares, quienes celebraron la oportunidad de ser parte de este grupo y participar en las actividades, que es una de las metas que tiene el menor.<\/p>\n\n\n\n<p>Alejandro visti\u00f3 el uniforme oficial de color verde y estuvo situado en la parte del presidium, donde se comport\u00f3 a la altura de sus dem\u00e1s compa\u00f1eros, y posteriormente, subi\u00f3 a unos de los veh\u00edculos del Ej\u00e9rcito.<\/p>\n\n\n\n<p>A su vez, extern\u00f3 sentirse muy feliz de estar cumpliendo su sue\u00f1o acompa\u00f1ado de sus primos, sus t\u00edas y de sus padres, quienes estuvieron en todo momento al tanto de la participaci\u00f3n de su hijo.<\/p>\n\n\n\n<p>Fueron los mismos elementos quienes ayudaron al peque\u00f1o a tener la experiencia completa a bordo de estas unidades, adem\u00e1s de indicarle cu\u00e1les eran las actividades que deb\u00eda de hacer para estar ah\u00ed.<\/p>\n\n\n\n<p>Su madre, Karina Rodr\u00edguez, indic\u00f3 que fue diagnosticado hace un a\u00f1o con osteosarcoma, un tipo de c\u00e1ncer en los huesos, en su caso, en el \u00e1rea maxilar, y desde entonces fue intervenido en dos ocasiones.<\/p>\n\n\n\n<p>Los m\u00e9dicos dieron a conocer que su estado era delicado, sin embargo este d\u00eda cumple su ilusi\u00f3n de sumarse a las filas del Ej\u00e9rcito Mexicano, para conocer de cerca las actividades de la milicia.<\/p>\n","protected":false},"excerpt":{"rendered":"<p>Alejandro Calef Lim\u00f3n Rodr\u00edguez, un peque\u00f1o de 9 a\u00f1os de edad con osteosarcoma, cumpli\u00f3 su sue\u00f1o de ser solado por un d\u00eda, participando en una ceremonia junto a las Fuerzas Armadas en la 25 Zona Militar de Puebla. Este viernes, Alberto Hern\u00e1ndez Rodr\u00edguez, Sargento del Arma Blindada del 9\u00ba Regimiento, realiz\u00f3 el exhorto al personal [&hellip;]<\/p>\n","protected":false},"author":4,"featured_media":68808,"comment_status":"open","ping_status":"open","sticky":false,"template":"","format":"standard","meta":{"om_disable_all_campaigns":false,"_monsterinsights_skip_tracking":false,"_monsterinsights_sitenote_active":false,"_monsterinsights_sitenote_note":"","_monsterinsights_sitenote_category":0,"footnotes":""},"categories":[3],"tags":[],"class_list":["post-68807","post","type-post","status-publish","format-standard","has-post-thumbnail","hentry","category-entretenimiento"],"amp_enabled":true,"_links":{"self":[{"href":"https:\/\/lahora.mx\/index.php\/wp-json\/wp\/v2\/posts\/68807","targetHints":{"allow":["GET"]}}],"collection":[{"href":"https:\/\/lahora.mx\/index.php\/wp-json\/wp\/v2\/posts"}],"about":[{"href":"https:\/\/lahora.mx\/index.php\/wp-json\/wp\/v2\/types\/post"}],"author":[{"embeddable":true,"href":"https:\/\/lahora.mx\/index.php\/wp-json\/wp\/v2\/users\/4"}],"replies":[{"embeddable":true,"href":"https:\/\/lahora.mx\/index.php\/wp-json\/wp\/v2\/comments?post=68807"}],"version-history":[{"count":1,"href":"https:\/\/lahora.mx\/index.php\/wp-json\/wp\/v2\/posts\/68807\/revisions"}],"predecessor-version":[{"id":68809,"href":"https:\/\/lahora.mx\/index.php\/wp-json\/wp\/v2\/posts\/68807\/revisions\/68809"}],"wp:featuredmedia":[{"embeddable":true,"href":"https:\/\/lahora.mx\/index.php\/wp-json\/wp\/v2\/media\/68808"}],"wp:attachment":[{"href":"https:\/\/lahora.mx\/index.php\/wp-json\/wp\/v2\/media?parent=68807"}],"wp:term":[{"taxonomy":"category","embeddable":true,"href":"https:\/\/lahora.mx\/index.php\/wp-json\/wp\/v2\/categories?post=68807"},{"taxonomy":"post_tag","embeddable":true,"href":"https:\/\/lahora.mx\/index.php\/wp-json\/wp\/v2\/tags?post=68807"}],"curies":[{"name":"wp","href":"https:\/\/api.w.org\/{rel}","templated":true}]}}