{"id":6880,"date":"2022-05-13T16:45:06","date_gmt":"2022-05-13T16:45:06","guid":{"rendered":"http:\/\/lahora.mx\/?p=6880"},"modified":"2022-05-13T16:45:07","modified_gmt":"2022-05-13T16:45:07","slug":"marcha-por-la-paz-en-acatlan-de-osorio","status":"publish","type":"post","link":"https:\/\/lahora.mx\/index.php\/2022\/05\/13\/marcha-por-la-paz-en-acatlan-de-osorio\/","title":{"rendered":"Marcha por la paz en Acatl\u00e1n de Osorio"},"content":{"rendered":"\n<p>Luego del asesinato del director de Seguridad P\u00fablica y su esposa, as\u00ed como la detenci\u00f3n de 27 polic\u00edas y el presidente municipal,&nbsp;<strong>vecinos de Acatl\u00e1n de Osorio lanzaron en redes sociales una convocatoria para realizar una marcha denominada \u201cPor la Verdad, La Justicia y la Paz\u201d&nbsp;<\/strong>que planean realizar este s\u00e1bado 14 de mayo en la misma cabecera municipal.<\/p>\n\n\n\n<p>Sin dar a conocer qui\u00e9n organiza el evento, pero abogando por la inocencia de los detenidos, la convocatoria se empez\u00f3 a difundir a trav\u00e9s de las redes sociales, la cual fue<strong>\u00a0replicada por usuarios de Internet quienes se mostraron a favor de participar.<\/strong><br><\/p>\n\n\n\n<p>Seg\u00fan lo anunciado la marcha saldr\u00e1 a las 9:00 de la ma\u00f1ana del&nbsp;<strong>monumento del Tecu\u00e1n hacia el centro de la ciudad,&nbsp;<\/strong>pidiendo la unidad de Acatl\u00e1n, que se sepa la verdad y se haga justicia por lo que est\u00e1 pasando en el municipio, as\u00ed como por la paz social en la comunidad.<\/p>\n\n\n\n<p>La convocatoria pide, adem\u00e1s que&nbsp;<strong>los participantes lleven ropa blanca, como s\u00edmbolo de paz, as\u00ed como alguna pancarta pidiendo la verdad y la paz de Acatl\u00e1n.<\/strong><\/p>\n\n\n\n<p>De acuerdo con comentarios de los usuarios de redes sociales quienes compartieron la convocatoria, se\u00f1alaron que es necesario que se haga este tipo de acciones para que observe el gobierno federal y estatal que Acatl\u00e1n se encuentra unido, y que quieren que haya paz en el municipio.<\/p>\n\n\n\n<p>Esperan que as\u00ed como se han difundido notas negativas de Acatl\u00e1n, esperan la misma difusi\u00f3n para las notas positivas, en que los ciudadanos se van a unir sin ser convocados por alg\u00fan partido pol\u00edtico, l\u00edder social u organizaci\u00f3n.<\/p>\n","protected":false},"excerpt":{"rendered":"<p>Luego del asesinato del director de Seguridad P\u00fablica y su esposa, as\u00ed como la detenci\u00f3n de 27 polic\u00edas y el presidente municipal,&nbsp;vecinos de Acatl\u00e1n de Osorio lanzaron en redes sociales una convocatoria para realizar una marcha denominada \u201cPor la Verdad, La Justicia y la Paz\u201d&nbsp;que planean realizar este s\u00e1bado 14 de mayo en la misma [&hellip;]<\/p>\n","protected":false},"author":4,"featured_media":6881,"comment_status":"open","ping_status":"open","sticky":false,"template":"","format":"standard","meta":{"om_disable_all_campaigns":false,"_monsterinsights_skip_tracking":false,"_monsterinsights_sitenote_active":false,"_monsterinsights_sitenote_note":"","_monsterinsights_sitenote_category":0,"footnotes":""},"categories":[175],"tags":[223],"class_list":["post-6880","post","type-post","status-publish","format-standard","has-post-thumbnail","hentry","category-local","tag-puebla"],"amp_enabled":true,"_links":{"self":[{"href":"https:\/\/lahora.mx\/index.php\/wp-json\/wp\/v2\/posts\/6880","targetHints":{"allow":["GET"]}}],"collection":[{"href":"https:\/\/lahora.mx\/index.php\/wp-json\/wp\/v2\/posts"}],"about":[{"href":"https:\/\/lahora.mx\/index.php\/wp-json\/wp\/v2\/types\/post"}],"author":[{"embeddable":true,"href":"https:\/\/lahora.mx\/index.php\/wp-json\/wp\/v2\/users\/4"}],"replies":[{"embeddable":true,"href":"https:\/\/lahora.mx\/index.php\/wp-json\/wp\/v2\/comments?post=6880"}],"version-history":[{"count":1,"href":"https:\/\/lahora.mx\/index.php\/wp-json\/wp\/v2\/posts\/6880\/revisions"}],"predecessor-version":[{"id":6882,"href":"https:\/\/lahora.mx\/index.php\/wp-json\/wp\/v2\/posts\/6880\/revisions\/6882"}],"wp:featuredmedia":[{"embeddable":true,"href":"https:\/\/lahora.mx\/index.php\/wp-json\/wp\/v2\/media\/6881"}],"wp:attachment":[{"href":"https:\/\/lahora.mx\/index.php\/wp-json\/wp\/v2\/media?parent=6880"}],"wp:term":[{"taxonomy":"category","embeddable":true,"href":"https:\/\/lahora.mx\/index.php\/wp-json\/wp\/v2\/categories?post=6880"},{"taxonomy":"post_tag","embeddable":true,"href":"https:\/\/lahora.mx\/index.php\/wp-json\/wp\/v2\/tags?post=6880"}],"curies":[{"name":"wp","href":"https:\/\/api.w.org\/{rel}","templated":true}]}}