{"id":68793,"date":"2025-09-26T17:36:06","date_gmt":"2025-09-26T17:36:06","guid":{"rendered":"https:\/\/lahora.mx\/?p=68793"},"modified":"2025-09-26T17:36:23","modified_gmt":"2025-09-26T17:36:23","slug":"fuertes-lluvias-en-puebla-para-este-viernes","status":"publish","type":"post","link":"https:\/\/lahora.mx\/index.php\/2025\/09\/26\/fuertes-lluvias-en-puebla-para-este-viernes\/","title":{"rendered":"Fuertes lluvias en Puebla para este viernes"},"content":{"rendered":"\n<p>La Comisi\u00f3n Nacional del Agua (Conagua) advirti\u00f3 la presencia de fuertes lluvias para la zona centro-sur del pa\u00eds, especialmente para el estado de Puebla, donde se espera un ambiente nublado y cambio en la temperatura para este viernes.<\/p>\n\n\n\n<p>En el pron\u00f3stico, la entidad poblana aparece en el apartado de los lugares en los que habr\u00e1n fuertes precipitaciones que estar\u00edan acompa\u00f1adas de descargas el\u00e9ctricas fuertes, pues las lluvias ser\u00e1n de 75 a 120 mil\u00edmetros.<br><br>La Direcci\u00f3n de Protecci\u00f3n Civil (PC), por otro lado, espera temperaturas m\u00e1ximas c\u00e1lidas de 21 a 24\u00b0C en Valle Serd\u00e1n, Valle de Atlixco y Angel\u00f3polis. M\u00e1s c\u00e1lidas de 28 a 29\u00b0C en Sierras Nororiental, Negra y Mixteca.<\/p>\n\n\n\n<p>Adem\u00e1s prev\u00e9 que se presente una m\u00e1xima extrema de 30\u00b0C en Sierra Norte, as\u00ed como vientos del suroeste de 10 a 20 kil\u00f3metros por hora y rachas de hasta 35 kil\u00f3metros por hora en la mayor parte del estado.<\/p>\n\n\n\n<p>Las lluvias de fuerte intensidad, con actividad el\u00e9ctrica, rachas fuertes de viento y posible ca\u00edda de granizo, con acumulados de 25 a 40 mm., estar\u00e1n las siguientes regiones:<\/p>\n\n\n\n<p>-Sierra Norte<\/p>\n\n\n\n<p>-Sierra Negra<\/p>\n\n\n\n<p>-Valle Serd\u00e1n<\/p>\n\n\n\n<p>-Mixteca<\/p>\n\n\n\n<p>Tambi\u00e9n habr\u00e1 moderadas, con acumulados de 15 a 20 mm., en el resto del estado, por lo que insisti\u00f3 a la poblaci\u00f3n que tome sus precauciones y salga con ropa abrigada en caso de actividades al aire libre.<\/p>\n","protected":false},"excerpt":{"rendered":"<p>La Comisi\u00f3n Nacional del Agua (Conagua) advirti\u00f3 la presencia de fuertes lluvias para la zona centro-sur del pa\u00eds, especialmente para el estado de Puebla, donde se espera un ambiente nublado y cambio en la temperatura para este viernes. En el pron\u00f3stico, la entidad poblana aparece en el apartado de los lugares en los que habr\u00e1n [&hellip;]<\/p>\n","protected":false},"author":4,"featured_media":68794,"comment_status":"open","ping_status":"open","sticky":false,"template":"","format":"standard","meta":{"om_disable_all_campaigns":false,"_monsterinsights_skip_tracking":false,"_monsterinsights_sitenote_active":false,"_monsterinsights_sitenote_note":"","_monsterinsights_sitenote_category":0,"footnotes":""},"categories":[175],"tags":[195,223],"class_list":["post-68793","post","type-post","status-publish","format-standard","has-post-thumbnail","hentry","category-local","tag-principal","tag-puebla"],"amp_enabled":true,"_links":{"self":[{"href":"https:\/\/lahora.mx\/index.php\/wp-json\/wp\/v2\/posts\/68793","targetHints":{"allow":["GET"]}}],"collection":[{"href":"https:\/\/lahora.mx\/index.php\/wp-json\/wp\/v2\/posts"}],"about":[{"href":"https:\/\/lahora.mx\/index.php\/wp-json\/wp\/v2\/types\/post"}],"author":[{"embeddable":true,"href":"https:\/\/lahora.mx\/index.php\/wp-json\/wp\/v2\/users\/4"}],"replies":[{"embeddable":true,"href":"https:\/\/lahora.mx\/index.php\/wp-json\/wp\/v2\/comments?post=68793"}],"version-history":[{"count":2,"href":"https:\/\/lahora.mx\/index.php\/wp-json\/wp\/v2\/posts\/68793\/revisions"}],"predecessor-version":[{"id":68796,"href":"https:\/\/lahora.mx\/index.php\/wp-json\/wp\/v2\/posts\/68793\/revisions\/68796"}],"wp:featuredmedia":[{"embeddable":true,"href":"https:\/\/lahora.mx\/index.php\/wp-json\/wp\/v2\/media\/68794"}],"wp:attachment":[{"href":"https:\/\/lahora.mx\/index.php\/wp-json\/wp\/v2\/media?parent=68793"}],"wp:term":[{"taxonomy":"category","embeddable":true,"href":"https:\/\/lahora.mx\/index.php\/wp-json\/wp\/v2\/categories?post=68793"},{"taxonomy":"post_tag","embeddable":true,"href":"https:\/\/lahora.mx\/index.php\/wp-json\/wp\/v2\/tags?post=68793"}],"curies":[{"name":"wp","href":"https:\/\/api.w.org\/{rel}","templated":true}]}}