{"id":68790,"date":"2025-09-26T17:16:35","date_gmt":"2025-09-26T17:16:35","guid":{"rendered":"https:\/\/lahora.mx\/?p=68790"},"modified":"2025-09-26T17:16:35","modified_gmt":"2025-09-26T17:16:35","slug":"guardia-nacional-recupera-44-vehiculos-robados-en-la-mexico-puebla","status":"publish","type":"post","link":"https:\/\/lahora.mx\/index.php\/2025\/09\/26\/guardia-nacional-recupera-44-vehiculos-robados-en-la-mexico-puebla\/","title":{"rendered":"Guardia Nacional recupera 44 veh\u00edculos robados en la M\u00e9xico-Puebla"},"content":{"rendered":"\n<p>El Gobierno de M\u00e9xico, encabezado por la Presidenta Claudia Sheinbaum, mantiene y refuerza la estrategia \u201cCero Robos\u201d, dise\u00f1ada para fortalecer la seguridad en carreteras clave como la M\u00e9xico-Puebla. En este esfuerzo conjunto, el gobernador de Puebla, Alejandro Armenta, ha puesto todos los recursos estatales al servicio del combate frontal al robo de veh\u00edculos y mercanc\u00eda, en la que se prioriza la paz, la legalidad y el bienestar de la poblaci\u00f3n.<\/p>\n\n\n\n<p>Como parte de esta estrategia, la Guardia Nacional ha desplegado 302 efectivos en la carretera M\u00e9xico-Puebla, 585 en la M\u00e9xico-Quer\u00e9taro y 298 en Culiac\u00e1n-Mazatl\u00e1n. Del 5 al 25 de septiembre, el Operativo \u201cCero Robos\u201d logr\u00f3 recuperar 44 veh\u00edculos, entre ellos 24 tractocamiones, as\u00ed como una bodega en Puebla capital usada para almacenar mercanc\u00eda robada. Este golpe representa un avance significativo contra las estructuras delictivas que afectan la actividad econ\u00f3mica y la tranquilidad de miles de conductores.<br><br>En l\u00ednea con la estrategia nacional de seguridad y con una visi\u00f3n de coordinaci\u00f3n plena entre federaci\u00f3n, estados y municipios, se ha garantizado atenci\u00f3n m\u00e9dica y acompa\u00f1amiento a v\u00edctimas a trav\u00e9s del \u201cOperativo Escal\u00f3n\u201d. Adem\u00e1s, la Secretar\u00eda de Infraestructura, Comunicaciones y Transportes implementa el cierre de accesos irregulares, la instalaci\u00f3n de arcos din\u00e1micos, la modernizaci\u00f3n de tramos carreteros y la construcci\u00f3n de paradores integrales.<\/p>\n\n\n\n<p>La presidenta Claudia Sheinbaum ha subrayado que este operativo especial inicia con tres carreteras federales, pero se extender\u00e1 a todo el pa\u00eds como parte de una pol\u00edtica de seguridad con enfoque humanista y justicia social. \u201cEs una estrategia que vamos a aplicar en todas las carreteras federales de nuestro pa\u00eds\u201d.<\/p>\n","protected":false},"excerpt":{"rendered":"<p>El Gobierno de M\u00e9xico, encabezado por la Presidenta Claudia Sheinbaum, mantiene y refuerza la estrategia \u201cCero Robos\u201d, dise\u00f1ada para fortalecer la seguridad en carreteras clave como la M\u00e9xico-Puebla. En este esfuerzo conjunto, el gobernador de Puebla, Alejandro Armenta, ha puesto todos los recursos estatales al servicio del combate frontal al robo de veh\u00edculos y mercanc\u00eda, [&hellip;]<\/p>\n","protected":false},"author":4,"featured_media":68791,"comment_status":"open","ping_status":"open","sticky":false,"template":"","format":"standard","meta":{"om_disable_all_campaigns":false,"_monsterinsights_skip_tracking":false,"_monsterinsights_sitenote_active":false,"_monsterinsights_sitenote_note":"","_monsterinsights_sitenote_category":0,"footnotes":""},"categories":[175,226],"tags":[],"class_list":["post-68790","post","type-post","status-publish","format-standard","has-post-thumbnail","hentry","category-local","category-policia"],"amp_enabled":true,"_links":{"self":[{"href":"https:\/\/lahora.mx\/index.php\/wp-json\/wp\/v2\/posts\/68790","targetHints":{"allow":["GET"]}}],"collection":[{"href":"https:\/\/lahora.mx\/index.php\/wp-json\/wp\/v2\/posts"}],"about":[{"href":"https:\/\/lahora.mx\/index.php\/wp-json\/wp\/v2\/types\/post"}],"author":[{"embeddable":true,"href":"https:\/\/lahora.mx\/index.php\/wp-json\/wp\/v2\/users\/4"}],"replies":[{"embeddable":true,"href":"https:\/\/lahora.mx\/index.php\/wp-json\/wp\/v2\/comments?post=68790"}],"version-history":[{"count":1,"href":"https:\/\/lahora.mx\/index.php\/wp-json\/wp\/v2\/posts\/68790\/revisions"}],"predecessor-version":[{"id":68792,"href":"https:\/\/lahora.mx\/index.php\/wp-json\/wp\/v2\/posts\/68790\/revisions\/68792"}],"wp:featuredmedia":[{"embeddable":true,"href":"https:\/\/lahora.mx\/index.php\/wp-json\/wp\/v2\/media\/68791"}],"wp:attachment":[{"href":"https:\/\/lahora.mx\/index.php\/wp-json\/wp\/v2\/media?parent=68790"}],"wp:term":[{"taxonomy":"category","embeddable":true,"href":"https:\/\/lahora.mx\/index.php\/wp-json\/wp\/v2\/categories?post=68790"},{"taxonomy":"post_tag","embeddable":true,"href":"https:\/\/lahora.mx\/index.php\/wp-json\/wp\/v2\/tags?post=68790"}],"curies":[{"name":"wp","href":"https:\/\/api.w.org\/{rel}","templated":true}]}}