{"id":68784,"date":"2025-09-26T16:33:56","date_gmt":"2025-09-26T16:33:56","guid":{"rendered":"https:\/\/lahora.mx\/?p=68784"},"modified":"2025-09-26T16:33:57","modified_gmt":"2025-09-26T16:33:57","slug":"suspende-profeco-estacionamiento-frente-a-piramide-de-cholula","status":"publish","type":"post","link":"https:\/\/lahora.mx\/index.php\/2025\/09\/26\/suspende-profeco-estacionamiento-frente-a-piramide-de-cholula\/","title":{"rendered":"Suspende Profeco estacionamiento frente a Pir\u00e1mide de Cholula"},"content":{"rendered":"\n<p>La Procuradur\u00eda Federal del Consumidor (PROFECO) realiz\u00f3 la suspensi\u00f3n del establecimiento \u201cLa Estaci\u00f3n\u201d, ubicado frente a la Pir\u00e1mide en San Pedro Cholula, debido a una serie de infracciones halladas tras una supervisi\u00f3n en el lugar.<\/p>\n\n\n\n<p>Dicha clausura ocurri\u00f3 como resultado de las quejas que recibieron por parte de los clientes, quienes acusaron anomal\u00edas presentadas durante su estancia en el establecimiento de la avenida Morelos No. 603, barrio de San Miguel Tianguisnahuitl.<\/p>\n\n\n\n<p>Algunas de las inconsistencias fueron por presentar tarifas enga\u00f1osas a los usuarios, informaci\u00f3n err\u00f3nea sobre el domicilio expuesto en los boletos de entrada, adem\u00e1s de omisi\u00f3n en el horario de salida de los veh\u00edculos.<\/p>\n\n\n\n<p>Asimismo, detectaron que no entregaba comprobantes por las transacciones efectuadas, dejando a las personas sin pruebas para poder realizar alg\u00fan reclamo en caso de encontrar alg\u00fan problema.<\/p>\n\n\n\n<p>Derivado de estas operaciones, personal de la PROFECO determin\u00f3 una infracci\u00f3n grave a la Ley Federal de Protecci\u00f3n al Consumidor, y procedi\u00f3 con la colocaci\u00f3n de los sellos de suspensi\u00f3n en el establecimiento.<\/p>\n\n\n\n<p>El estacionamiento deber\u00e1 permanecer cerrado hasta que se resuelvan las faltas encontrados por la instituci\u00f3n, las cuales tendr\u00e1n un periodo como l\u00edmite para hacerlo, o de lo contrario, no se podr\u00e1 abrir nuevamente.<\/p>\n","protected":false},"excerpt":{"rendered":"<p>La Procuradur\u00eda Federal del Consumidor (PROFECO) realiz\u00f3 la suspensi\u00f3n del establecimiento \u201cLa Estaci\u00f3n\u201d, ubicado frente a la Pir\u00e1mide en San Pedro Cholula, debido a una serie de infracciones halladas tras una supervisi\u00f3n en el lugar. Dicha clausura ocurri\u00f3 como resultado de las quejas que recibieron por parte de los clientes, quienes acusaron anomal\u00edas presentadas durante [&hellip;]<\/p>\n","protected":false},"author":4,"featured_media":68785,"comment_status":"open","ping_status":"open","sticky":false,"template":"","format":"standard","meta":{"om_disable_all_campaigns":false,"_monsterinsights_skip_tracking":false,"_monsterinsights_sitenote_active":false,"_monsterinsights_sitenote_note":"","_monsterinsights_sitenote_category":0,"footnotes":""},"categories":[175],"tags":[234],"class_list":["post-68784","post","type-post","status-publish","format-standard","has-post-thumbnail","hentry","category-local","tag-cholula"],"amp_enabled":true,"_links":{"self":[{"href":"https:\/\/lahora.mx\/index.php\/wp-json\/wp\/v2\/posts\/68784","targetHints":{"allow":["GET"]}}],"collection":[{"href":"https:\/\/lahora.mx\/index.php\/wp-json\/wp\/v2\/posts"}],"about":[{"href":"https:\/\/lahora.mx\/index.php\/wp-json\/wp\/v2\/types\/post"}],"author":[{"embeddable":true,"href":"https:\/\/lahora.mx\/index.php\/wp-json\/wp\/v2\/users\/4"}],"replies":[{"embeddable":true,"href":"https:\/\/lahora.mx\/index.php\/wp-json\/wp\/v2\/comments?post=68784"}],"version-history":[{"count":1,"href":"https:\/\/lahora.mx\/index.php\/wp-json\/wp\/v2\/posts\/68784\/revisions"}],"predecessor-version":[{"id":68786,"href":"https:\/\/lahora.mx\/index.php\/wp-json\/wp\/v2\/posts\/68784\/revisions\/68786"}],"wp:featuredmedia":[{"embeddable":true,"href":"https:\/\/lahora.mx\/index.php\/wp-json\/wp\/v2\/media\/68785"}],"wp:attachment":[{"href":"https:\/\/lahora.mx\/index.php\/wp-json\/wp\/v2\/media?parent=68784"}],"wp:term":[{"taxonomy":"category","embeddable":true,"href":"https:\/\/lahora.mx\/index.php\/wp-json\/wp\/v2\/categories?post=68784"},{"taxonomy":"post_tag","embeddable":true,"href":"https:\/\/lahora.mx\/index.php\/wp-json\/wp\/v2\/tags?post=68784"}],"curies":[{"name":"wp","href":"https:\/\/api.w.org\/{rel}","templated":true}]}}