{"id":6877,"date":"2022-05-13T16:43:00","date_gmt":"2022-05-13T16:43:00","guid":{"rendered":"http:\/\/lahora.mx\/?p=6877"},"modified":"2022-05-13T16:43:01","modified_gmt":"2022-05-13T16:43:01","slug":"un-operativo-en-temaxcalac-catean-dos-inmuebles","status":"publish","type":"post","link":"https:\/\/lahora.mx\/index.php\/2022\/05\/13\/un-operativo-en-temaxcalac-catean-dos-inmuebles\/","title":{"rendered":"Un operativo en Temaxcalac; catean dos inmuebles"},"content":{"rendered":"\n<p>Un fuerte operativo, coordinador entre los tres niveles de gobierno,&nbsp;<strong>se realiz\u00f3 en la comunidad de San Baltazar Temaxcalac, en San Mart\u00edn Texmelucan,&nbsp;<\/strong>en donde&nbsp;<strong>se asegur\u00f3 al menos un inmueble&nbsp;<\/strong>en el que presuntamente se desmantelaban veh\u00edculos con reporte de robo.<\/p>\n\n\n\n<p>La ma\u00f1ana de este viernes patrullas y unidades del&nbsp;<strong>Ej\u00e9rcito Mexicano, Guardia Nacional, Polic\u00eda Estatal,&nbsp;<\/strong>as\u00ed como fiscal\u00eda General del Estado y polic\u00edas municipales de San Mart\u00edn Texmelucan ingresaron a la comunidad de San Baltazar Temaxcalac,&nbsp;<strong>para apostarse en al menos dos inmuebles.<\/strong><\/p>\n\n\n\n<p>As\u00ed un grupo miliciano resguard\u00f3 una casa sobre la calle Puebla y un segundo grupo en la calle Cuauht\u00e9moc, donde hab\u00eda una gr\u00faa de plataforma. Aunque no hay versi\u00f3n oficial del operativo que se est\u00e1 implementado,<strong>&nbsp;se sabe que se hall\u00f3 un lugar donde se desmantelaban veh\u00edculos<\/strong>&nbsp;con reporte de robo.<\/p>\n\n\n\n<p>En las \u00faltimos d\u00edas se han aplicado diversos operativos donde se han asegurado pipas con gas LP, el cual era ilegal, pues fue extra\u00eddo de los ductos de Pemex; en este sentido, a penas ayer jueves la Fiscal\u00eda General del Estado inform\u00f3 sobre el aseguramiento de tres pipas en Santa Mar\u00eda Moyotzingo, misma que colinda con San Baltazar Temaxcalac.<\/p>\n","protected":false},"excerpt":{"rendered":"<p>Un fuerte operativo, coordinador entre los tres niveles de gobierno,&nbsp;se realiz\u00f3 en la comunidad de San Baltazar Temaxcalac, en San Mart\u00edn Texmelucan,&nbsp;en donde&nbsp;se asegur\u00f3 al menos un inmueble&nbsp;en el que presuntamente se desmantelaban veh\u00edculos con reporte de robo. La ma\u00f1ana de este viernes patrullas y unidades del&nbsp;Ej\u00e9rcito Mexicano, Guardia Nacional, Polic\u00eda Estatal,&nbsp;as\u00ed como fiscal\u00eda General [&hellip;]<\/p>\n","protected":false},"author":4,"featured_media":6878,"comment_status":"open","ping_status":"open","sticky":false,"template":"","format":"standard","meta":{"om_disable_all_campaigns":false,"_monsterinsights_skip_tracking":false,"_monsterinsights_sitenote_active":false,"_monsterinsights_sitenote_note":"","_monsterinsights_sitenote_category":0,"footnotes":""},"categories":[175,226],"tags":[195,223],"class_list":["post-6877","post","type-post","status-publish","format-standard","has-post-thumbnail","hentry","category-local","category-policia","tag-principal","tag-puebla"],"amp_enabled":true,"_links":{"self":[{"href":"https:\/\/lahora.mx\/index.php\/wp-json\/wp\/v2\/posts\/6877","targetHints":{"allow":["GET"]}}],"collection":[{"href":"https:\/\/lahora.mx\/index.php\/wp-json\/wp\/v2\/posts"}],"about":[{"href":"https:\/\/lahora.mx\/index.php\/wp-json\/wp\/v2\/types\/post"}],"author":[{"embeddable":true,"href":"https:\/\/lahora.mx\/index.php\/wp-json\/wp\/v2\/users\/4"}],"replies":[{"embeddable":true,"href":"https:\/\/lahora.mx\/index.php\/wp-json\/wp\/v2\/comments?post=6877"}],"version-history":[{"count":1,"href":"https:\/\/lahora.mx\/index.php\/wp-json\/wp\/v2\/posts\/6877\/revisions"}],"predecessor-version":[{"id":6879,"href":"https:\/\/lahora.mx\/index.php\/wp-json\/wp\/v2\/posts\/6877\/revisions\/6879"}],"wp:featuredmedia":[{"embeddable":true,"href":"https:\/\/lahora.mx\/index.php\/wp-json\/wp\/v2\/media\/6878"}],"wp:attachment":[{"href":"https:\/\/lahora.mx\/index.php\/wp-json\/wp\/v2\/media?parent=6877"}],"wp:term":[{"taxonomy":"category","embeddable":true,"href":"https:\/\/lahora.mx\/index.php\/wp-json\/wp\/v2\/categories?post=6877"},{"taxonomy":"post_tag","embeddable":true,"href":"https:\/\/lahora.mx\/index.php\/wp-json\/wp\/v2\/tags?post=6877"}],"curies":[{"name":"wp","href":"https:\/\/api.w.org\/{rel}","templated":true}]}}