{"id":68759,"date":"2025-09-25T22:06:26","date_gmt":"2025-09-25T22:06:26","guid":{"rendered":"https:\/\/lahora.mx\/?p=68759"},"modified":"2025-09-25T22:06:27","modified_gmt":"2025-09-25T22:06:27","slug":"china-investiga-medidas-arancelarias-de-mexico-y-advierte-posibles-represalias","status":"publish","type":"post","link":"https:\/\/lahora.mx\/index.php\/2025\/09\/25\/china-investiga-medidas-arancelarias-de-mexico-y-advierte-posibles-represalias\/","title":{"rendered":"China investiga medidas arancelarias de M\u00e9xico y advierte posibles represalias"},"content":{"rendered":"\n<p>El gobierno de China ha iniciado una investigaci\u00f3n formal en torno a los aranceles impuestos por M\u00e9xico a productos originarios de pa\u00edses con los que no mantiene tratados comerciales. Esta medida, que tambi\u00e9n afecta a exportaciones chinas, contempla tasas que oscilan entre el 10% y el 50%, seg\u00fan confirmaron autoridades del pa\u00eds asi\u00e1tico.<\/p>\n\n\n\n<p>Un portavoz del Ministerio de Comercio chino advirti\u00f3 que seguir\u00e1n \u00abmuy de cerca\u00bb los pasos de M\u00e9xico respecto a estos aumentos arancelarios, y que realizar\u00e1n una evaluaci\u00f3n exhaustiva antes de que cualquier disposici\u00f3n final entre en vigor.<br><br>Desde la perspectiva del Ejecutivo chino, cualquier incremento arancelario unilateral, aunque se ajuste a las normas de la Organizaci\u00f3n Mundial del Comercio (OMC), podr\u00eda interpretarse como un gesto de sumisi\u00f3n ante el acoso econ\u00f3mico unilateral, en referencia velada a las reiteradas amenazas comerciales emitidas por el expresidente estadounidense Donald Trump.<\/p>\n\n\n\n<p>En respuesta a estas tensiones, China exhort\u00f3 a la comunidad internacional a fortalecer la cooperaci\u00f3n multilateral y a evitar que terceros pa\u00edses resulten perjudicados por presiones externas. Asimismo, hizo un llamado a M\u00e9xico para que act\u00fae con prudencia, evaluando cuidadosamente las consecuencias de cualquier nueva pol\u00edtica comercial.<\/p>\n\n\n\n<p>El portavoz tambi\u00e9n recalc\u00f3 que China y M\u00e9xico mantienen una relaci\u00f3n econ\u00f3mica s\u00f3lida, y expres\u00f3 su deseo de que esta colaboraci\u00f3n no se vea comprometida. El gigante asi\u00e1tico reiter\u00f3 su rechazo a cualquier acci\u00f3n que afecte sus intereses y anticip\u00f3 que tomar\u00e1 las medidas necesarias para proteger sus derechos comerciales si la situaci\u00f3n lo requiere.<\/p>\n","protected":false},"excerpt":{"rendered":"<p>El gobierno de China ha iniciado una investigaci\u00f3n formal en torno a los aranceles impuestos por M\u00e9xico a productos originarios de pa\u00edses con los que no mantiene tratados comerciales. Esta medida, que tambi\u00e9n afecta a exportaciones chinas, contempla tasas que oscilan entre el 10% y el 50%, seg\u00fan confirmaron autoridades del pa\u00eds asi\u00e1tico. Un portavoz [&hellip;]<\/p>\n","protected":false},"author":4,"featured_media":68760,"comment_status":"open","ping_status":"open","sticky":false,"template":"","format":"standard","meta":{"om_disable_all_campaigns":false,"_monsterinsights_skip_tracking":false,"_monsterinsights_sitenote_active":false,"_monsterinsights_sitenote_note":"","_monsterinsights_sitenote_category":0,"footnotes":""},"categories":[183,2],"tags":[],"class_list":["post-68759","post","type-post","status-publish","format-standard","has-post-thumbnail","hentry","category-internacional","category-negocios"],"amp_enabled":true,"_links":{"self":[{"href":"https:\/\/lahora.mx\/index.php\/wp-json\/wp\/v2\/posts\/68759","targetHints":{"allow":["GET"]}}],"collection":[{"href":"https:\/\/lahora.mx\/index.php\/wp-json\/wp\/v2\/posts"}],"about":[{"href":"https:\/\/lahora.mx\/index.php\/wp-json\/wp\/v2\/types\/post"}],"author":[{"embeddable":true,"href":"https:\/\/lahora.mx\/index.php\/wp-json\/wp\/v2\/users\/4"}],"replies":[{"embeddable":true,"href":"https:\/\/lahora.mx\/index.php\/wp-json\/wp\/v2\/comments?post=68759"}],"version-history":[{"count":1,"href":"https:\/\/lahora.mx\/index.php\/wp-json\/wp\/v2\/posts\/68759\/revisions"}],"predecessor-version":[{"id":68761,"href":"https:\/\/lahora.mx\/index.php\/wp-json\/wp\/v2\/posts\/68759\/revisions\/68761"}],"wp:featuredmedia":[{"embeddable":true,"href":"https:\/\/lahora.mx\/index.php\/wp-json\/wp\/v2\/media\/68760"}],"wp:attachment":[{"href":"https:\/\/lahora.mx\/index.php\/wp-json\/wp\/v2\/media?parent=68759"}],"wp:term":[{"taxonomy":"category","embeddable":true,"href":"https:\/\/lahora.mx\/index.php\/wp-json\/wp\/v2\/categories?post=68759"},{"taxonomy":"post_tag","embeddable":true,"href":"https:\/\/lahora.mx\/index.php\/wp-json\/wp\/v2\/tags?post=68759"}],"curies":[{"name":"wp","href":"https:\/\/api.w.org\/{rel}","templated":true}]}}