{"id":68753,"date":"2025-09-25T16:53:17","date_gmt":"2025-09-25T16:53:17","guid":{"rendered":"https:\/\/lahora.mx\/?p=68753"},"modified":"2025-09-25T16:53:18","modified_gmt":"2025-09-25T16:53:18","slug":"despido-de-empleados-y-cierre-de-tiendas-implementara-starbucks-como-medida-de-recuperacion","status":"publish","type":"post","link":"https:\/\/lahora.mx\/index.php\/2025\/09\/25\/despido-de-empleados-y-cierre-de-tiendas-implementara-starbucks-como-medida-de-recuperacion\/","title":{"rendered":"Despido de empleados y cierre de tiendas implementar\u00e1 Starbucks como medida de recuperaci\u00f3n"},"content":{"rendered":"\n<p>Con la finalidad de tener una recuperaci\u00f3n financiera, Starbucks est\u00e1 despidiendo a empleados no minoristas y cerrando tiendas en Estados Unidos y Canad\u00e1.<\/p>\n\n\n\n<p>El gigante del caf\u00e9 de Seattle notificar\u00e1 a los empleados cuyos puestos est\u00e1n siendo eliminados a principios del viernes y anunci\u00f3 que cerrar\u00e1 un n\u00famero <strong>indeterminado de tiendas<\/strong>\u00a0en Am\u00e9rica del Norte en los pr\u00f3ximos d\u00edas.Mediante una revisi\u00f3n, Starbucks revel\u00f3 que muchas no est\u00e1n cumpliendo con los objetivos de rendimiento financiero o no est\u00e1n creando el ambiente que los clientes esperan, seg\u00fan una carta enviada por el CEO de Starbucks, Brian Niccol.<\/p>\n\n\n\n<p>Cada a\u00f1o, abrimos y cerramos cafeter\u00edas por una variedad de razones, desde el rendimiento financiero hasta el vencimiento de los contratos de arrendamiento\u00bb, escribi\u00f3 Niccol.<\/p>\n\n\n\n<p>\u00abEsta es una acci\u00f3n m\u00e1s significativa que entendemos impactar\u00e1 a socios y clientes. Nuestras cafeter\u00edas son centros de la comunidad, y cerrar cualquier ubicaci\u00f3n es dif\u00edcil\u00bb, a\u00f1adi\u00f3.<\/p>\n\n\n\n<p>Niccol es un especialista en recuperaci\u00f3n que fue tra\u00eddo a Starbucks hace un a\u00f1o este mes para revitalizar la marca. Bajo el liderazgo de Niccol, la cadena Chipotle, donde Niccol fue CEO durante aproximadamente seis a\u00f1os, esencialmente duplic\u00f3 sus ingresos y sus ganancias, y el precio de las acciones se dispar\u00f3.<\/p>\n\n\n\n<p>Starbucks dijo que ofrecer\u00e1 paquetes de indemnizaci\u00f3n y apoyo para los empleados afectados.<\/p>\n","protected":false},"excerpt":{"rendered":"<p>Con la finalidad de tener una recuperaci\u00f3n financiera, Starbucks est\u00e1 despidiendo a empleados no minoristas y cerrando tiendas en Estados Unidos y Canad\u00e1. El gigante del caf\u00e9 de Seattle notificar\u00e1 a los empleados cuyos puestos est\u00e1n siendo eliminados a principios del viernes y anunci\u00f3 que cerrar\u00e1 un n\u00famero indeterminado de tiendas\u00a0en Am\u00e9rica del Norte en [&hellip;]<\/p>\n","protected":false},"author":4,"featured_media":68754,"comment_status":"open","ping_status":"open","sticky":false,"template":"","format":"standard","meta":{"om_disable_all_campaigns":false,"_monsterinsights_skip_tracking":false,"_monsterinsights_sitenote_active":false,"_monsterinsights_sitenote_note":"","_monsterinsights_sitenote_category":0,"footnotes":""},"categories":[183],"tags":[],"class_list":["post-68753","post","type-post","status-publish","format-standard","has-post-thumbnail","hentry","category-internacional"],"amp_enabled":true,"_links":{"self":[{"href":"https:\/\/lahora.mx\/index.php\/wp-json\/wp\/v2\/posts\/68753","targetHints":{"allow":["GET"]}}],"collection":[{"href":"https:\/\/lahora.mx\/index.php\/wp-json\/wp\/v2\/posts"}],"about":[{"href":"https:\/\/lahora.mx\/index.php\/wp-json\/wp\/v2\/types\/post"}],"author":[{"embeddable":true,"href":"https:\/\/lahora.mx\/index.php\/wp-json\/wp\/v2\/users\/4"}],"replies":[{"embeddable":true,"href":"https:\/\/lahora.mx\/index.php\/wp-json\/wp\/v2\/comments?post=68753"}],"version-history":[{"count":1,"href":"https:\/\/lahora.mx\/index.php\/wp-json\/wp\/v2\/posts\/68753\/revisions"}],"predecessor-version":[{"id":68755,"href":"https:\/\/lahora.mx\/index.php\/wp-json\/wp\/v2\/posts\/68753\/revisions\/68755"}],"wp:featuredmedia":[{"embeddable":true,"href":"https:\/\/lahora.mx\/index.php\/wp-json\/wp\/v2\/media\/68754"}],"wp:attachment":[{"href":"https:\/\/lahora.mx\/index.php\/wp-json\/wp\/v2\/media?parent=68753"}],"wp:term":[{"taxonomy":"category","embeddable":true,"href":"https:\/\/lahora.mx\/index.php\/wp-json\/wp\/v2\/categories?post=68753"},{"taxonomy":"post_tag","embeddable":true,"href":"https:\/\/lahora.mx\/index.php\/wp-json\/wp\/v2\/tags?post=68753"}],"curies":[{"name":"wp","href":"https:\/\/api.w.org\/{rel}","templated":true}]}}