{"id":68701,"date":"2025-09-24T16:09:39","date_gmt":"2025-09-24T16:09:39","guid":{"rendered":"https:\/\/lahora.mx\/?p=68701"},"modified":"2025-09-24T16:09:40","modified_gmt":"2025-09-24T16:09:40","slug":"inician-enroques-y-pago-de-cuentas-en-la-scjn","status":"publish","type":"post","link":"https:\/\/lahora.mx\/index.php\/2025\/09\/24\/inician-enroques-y-pago-de-cuentas-en-la-scjn\/","title":{"rendered":"Inician enroques y pago de cuentas en la SCJN"},"content":{"rendered":"\n<p>Las primeras semanas de la Suprema Corte de Justicia de la Naci\u00f3n (SJCN) han estado no s\u00f3lo en el centro de atenci\u00f3n por la forma en c\u00f3mo se integr\u00f3 con elecciones de \u201cacorde\u00f3n\u201d, sino tambi\u00e9n por la actuaci\u00f3n de los nuevos ministros, los equipos entrantes y desde luego, la llegada de \u201cperdedores\u201d que est\u00e1n siendo rescatados e integr\u00e1ndose a esta nueva era de justicia nacida del \u201cvoto popular\u201d.<\/p>\n\n\n\n<p>Pero m\u00e1s all\u00e1 de que seguiremos viendo decisiones interesantes o trascendentes, (ya iremos comentando algunas), siguen movimientos interesantes, como era normal y natural, el nuevo presidente Hugo Aguilar sac\u00f3 de su ponencia a toda la gente de Norma Pi\u00f1a y, aunque llegaron algunos elementos como Vidulfo Rosales, exabogado de los normalistas de Ayotzinapa, como secretario de Estudios y Cuenta, resulta que lo que era la ponencia de Alberto P\u00e9rez Day\u00e1n se integr\u00f3 a la del nuevo presidente, lo que da m\u00e1s de 90 puestos, adem\u00e1s de que se mantuvo la mayor parte del equipo de P\u00e9rez Day\u00e1n, lo que sin duda tambi\u00e9n es un elemento positivo, ya que muchos de ellos tienen experiencia comprobada y los estudios requeridos. Rosales, si bien es muy conocido por defender diversas causas en Guerrero, y de derechos humanos, las opiniones sobre su labor son muy extremas, ahora en ese cargo se ver\u00e1 su profesionalismo.<br><br>Otro caso es el de la ministra Sara Irene Herrer\u00edas, quien lleg\u00f3 con contados colaboradores provenientes de la Fiscal\u00eda General de la Rep\u00fablica, y pr\u00e1cticamente mantuvo la ponencia de su predecesor, Javier Laynez Potisek, incluido su secretario particular, V\u00edctor Manuel Garc\u00eda Alc\u00e1zar, as\u00ed como su secretario de Estudio y Cuenta y coordinador de ponencia, Alfredo Uruchurtu, quienes pasaron a ser secretarios de Estudio y Cuenta. El equipo, del exministro Laynez Potisek era considerado uno de los m\u00e1s preparados y sobre todo, un apoyo fundamental para las posiciones que llevaba el hoy ministro en retiro, que por cierto, en redes sociales y medios, ya es activo y ya dio algunas opiniones criticando decisiones reci\u00e9n hechas por la nueva Corte, como en temas de personas con discapacidad, que de aprobarse cambios de criterio, considera que ser\u00eda regresivo.<\/p>\n\n\n\n<p>Tambi\u00e9n a seguir, es la ponencia del ministro Ar\u00edstides Guerrero, quien tiene como asesor a Mois\u00e9s Reyes Sandoval, quien fuera diputado por Morena en el Congreso de Guerrero y primo de Netza\u00ed Sandoval Ballesteros, el secretario de Estudio y Cuenta y coordinador de ponencia de Lenia Batres y, para m\u00e1s se\u00f1as, hermano de Irma Er\u00e9ndira, quien fuera la primera secretaria de Funci\u00f3n P\u00fablica de L\u00f3pez Obrador. Y es toda, una familia que de una u otra forma sigue activa en diversas posiciones en la entidad guerrerense y en el gobierno federal.<\/p>\n\n\n\n<p>A la ponencia de Guerrero Garc\u00eda se ha incorporado Cristian Magazo, el tiktokero que llev\u00f3 redes sociales del entonces ministro Arturo Zald\u00edvar, por lo que luego de su campa\u00f1a veremos sin duda alguna el regreso de actividad en esa red social. Tambi\u00e9n llegaron Evelyn Rodr\u00edguez Xinol, exmagistrada del Tribunal Electoral de Guerrero; as\u00ed como varios perdedores de la elecci\u00f3n judicial, empezando por su coordinador de ponencia, Froyl\u00e1n Borges Aranda, excandidato a magistrado del Primer Tribunal Colegiado de Circuito en Materia Mixta en la CDMX; as\u00ed como Berenice Garc\u00eda Huante, excandidata a magistrada de Sala Regional del Tribunal Electoral del Poder Judicial Federal; Laura Cecilia Figueroa Guti\u00e9rrez, exaspirante a magistrada de Tribunal Colegiado de Circuito, y Cristian Alberto Meza Jim\u00e9nez, quien busc\u00f3 ser magistrado penal en el Poder Judicial de la CDMX. Ya les seguiremos contando de los nuevos jefes de la Corte.<\/p>\n\n\n\n<p>Tambi\u00e9n a las farmac\u00e9uticas les deben<br>Nada tersas han sido las reuniones entre las autoridades federales del Sector Salud y los laboratorios farmac\u00e9uticos y es que los se\u00f1alamientos de incumplimiento que hizo el subsecretario de salud Eduardo Clark en contra de las empresas nacionales e internacionales por falta de entrega de medicamentos al sector p\u00fablico, y quien les pidi\u00f3 resultados, se le pas\u00f3 reconocer que del lado del gobierno las fallas han estado m\u00e1s que presentes desde el primer d\u00eda.<\/p>\n\n\n\n<p>Si el tema de los adeudos al igual que en Pemex est\u00e1 presente, pero tambi\u00e9n un factor muy importante es la falta de capacidad de los centros de distribuci\u00f3n operados por el IMSS Bienestar a cargo de Alejandro Svarch para recibir los medicamentos por parte de las compa\u00f1\u00edas. Aunque, si bien es cierto, en varios puntos se ha solucionado, en otros persisten los cuellos de botella que retrasan la recepci\u00f3n y posterior abastecimiento de medicinas y material quir\u00fargico a los centros de salud y ah\u00ed las empresas no tienen la culpa, sino recuerden los \u201cajustes\u201d que se hicieron en esa materia y hasta la mega farmacia, almac\u00e9n sin beneficio alguno.<\/p>\n\n\n\n<p>La constante, hoy al igual que hace seis a\u00f1os, sigue siendo la efectividad del modelo de compra y distribuci\u00f3n de medicamentos que por una raz\u00f3n o por otra no termina de funcionar afectando la salud de los pacientes, lo mismo de enfermedades de c\u00e1ncer y diabetes, o en padecimientos cardiovasculares y respiratorias cr\u00f3nicas.<\/p>\n\n\n\n<p>La amenaza de inhabilitaci\u00f3n e incluso de denuncias penales se aleja del trabajo en conjunto entre la industria y las autoridades que seg\u00fan Clark se ven\u00eda dando desde hace varios meses.<\/p>\n\n\n\n<p>Por su parte, el IMSS Bienestar, antes Insabi, no termina de responder como operador central de los servicios m\u00e9dicos para la poblaci\u00f3n y m\u00e1s importante garantizar que los medicamentos lleguen a hospitales y cl\u00ednicas ahora mediante las rutas de la salud, y desde luego, sin dejar de lado, que tambi\u00e9n se les debe. \u00bfQui\u00e9n empezar\u00e1 a tomar medidas de acci\u00f3n o a sancionar tambi\u00e9n el mal actual de parte del gobierno?<\/p>\n\n\n\n<p>Cable submarino de Telmex<br>Podr\u00e1 recibir muchas cr\u00edticas sobre el servicio, pero es un hecho que Telmex que fund\u00f3 Carlos Slim, es una de las empresas que m\u00e1s invierte en su infraestructura y para muestra es la puesta en operaci\u00f3n que hizo del cable submarino de San Jos\u00e9 del Cabo a Mazatl\u00e1n.<\/p>\n\n\n\n<p>El cable submarino TMX5 que une a Baja California Sur con el resto del pa\u00eds, incluye una red de 383 kil\u00f3metros de fibra \u00f3ptica en la que se invirtieron m\u00e1s de 25 millones de d\u00f3lares y dar\u00e1 conexi\u00f3n, lo que ayudar\u00e1 sin lugar a dudas al desarrollo econ\u00f3mico y social de la regi\u00f3n al mejorar la conectividad, as\u00ed como la transmisi\u00f3n de voz, datos y video.<\/p>\n\n\n\n<p>Esta inversi\u00f3n es pensando en el futuro. Como todos sabemos el consumo de datos va en aumento, y los mexicanos tienen cada vez m\u00e1s demanda de Internet y conexiones, sin contar a las empresas, aunque un dato importarte es que el director general de Telmex, H\u00e9ctor Slim Seade revel\u00f3 que tambi\u00e9n se busca que la regi\u00f3n se mantenga conectada cuando se registren eventos naturales de gran impacto, ya que proporciona rutas alternas y redundantes; nada m\u00e1s hay que acordarse del suplicio de comunicaciones con Acapulco, en el hurac\u00e1n Otis, que dej\u00f3 fuera a muchas empresas y a la misma banca, ante la falta de luz e Internet; as\u00ed ser\u00e1 una de las mayores redes nacionales de fibra \u00f3ptica.<br><br>Segundo informe de Delfina G\u00f3mez<br>Delfina G\u00f3mez (Ilustraci\u00f3n de Ismael Angeles)<br>Aunque est\u00e1n los anuncios en todos lados para destacar las obras realizadas en estos dos a\u00f1os, como es el tema ambiental de siembra de \u00e1rboles, lo cierto es que en el Estado de M\u00e9xico que gobierna la morenista Delfina G\u00f3mez, sigue habiendo una larga lista de pendientes.<\/p>\n\n\n\n<p>El segundo informe de Delfina G\u00f3mez, m\u00e1s all\u00e1 de cifras positivas, dej\u00f3 claro que faltan cambios en temas de movilidad, seguridad, agua y tambi\u00e9n los malditos baches, que parece es el tema en las principales ciudades del pa\u00eds y los programas de bachetones nada m\u00e1s no han funcionado en ning\u00fan lado.<\/p>\n\n\n\n<p>Por lo pronto, la moneda est\u00e1 en el aire.<\/p>\n","protected":false},"excerpt":{"rendered":"<p>Las primeras semanas de la Suprema Corte de Justicia de la Naci\u00f3n (SJCN) han estado no s\u00f3lo en el centro de atenci\u00f3n por la forma en c\u00f3mo se integr\u00f3 con elecciones de \u201cacorde\u00f3n\u201d, sino tambi\u00e9n por la actuaci\u00f3n de los nuevos ministros, los equipos entrantes y desde luego, la llegada de \u201cperdedores\u201d que est\u00e1n siendo [&hellip;]<\/p>\n","protected":false},"author":4,"featured_media":68702,"comment_status":"open","ping_status":"open","sticky":false,"template":"","format":"standard","meta":{"om_disable_all_campaigns":false,"_monsterinsights_skip_tracking":false,"_monsterinsights_sitenote_active":false,"_monsterinsights_sitenote_note":"","_monsterinsights_sitenote_category":0,"footnotes":""},"categories":[5],"tags":[],"class_list":["post-68701","post","type-post","status-publish","format-standard","has-post-thumbnail","hentry","category-politica"],"amp_enabled":true,"_links":{"self":[{"href":"https:\/\/lahora.mx\/index.php\/wp-json\/wp\/v2\/posts\/68701","targetHints":{"allow":["GET"]}}],"collection":[{"href":"https:\/\/lahora.mx\/index.php\/wp-json\/wp\/v2\/posts"}],"about":[{"href":"https:\/\/lahora.mx\/index.php\/wp-json\/wp\/v2\/types\/post"}],"author":[{"embeddable":true,"href":"https:\/\/lahora.mx\/index.php\/wp-json\/wp\/v2\/users\/4"}],"replies":[{"embeddable":true,"href":"https:\/\/lahora.mx\/index.php\/wp-json\/wp\/v2\/comments?post=68701"}],"version-history":[{"count":1,"href":"https:\/\/lahora.mx\/index.php\/wp-json\/wp\/v2\/posts\/68701\/revisions"}],"predecessor-version":[{"id":68703,"href":"https:\/\/lahora.mx\/index.php\/wp-json\/wp\/v2\/posts\/68701\/revisions\/68703"}],"wp:featuredmedia":[{"embeddable":true,"href":"https:\/\/lahora.mx\/index.php\/wp-json\/wp\/v2\/media\/68702"}],"wp:attachment":[{"href":"https:\/\/lahora.mx\/index.php\/wp-json\/wp\/v2\/media?parent=68701"}],"wp:term":[{"taxonomy":"category","embeddable":true,"href":"https:\/\/lahora.mx\/index.php\/wp-json\/wp\/v2\/categories?post=68701"},{"taxonomy":"post_tag","embeddable":true,"href":"https:\/\/lahora.mx\/index.php\/wp-json\/wp\/v2\/tags?post=68701"}],"curies":[{"name":"wp","href":"https:\/\/api.w.org\/{rel}","templated":true}]}}