{"id":68698,"date":"2025-09-24T16:07:49","date_gmt":"2025-09-24T16:07:49","guid":{"rendered":"https:\/\/lahora.mx\/?p=68698"},"modified":"2025-09-24T16:08:06","modified_gmt":"2025-09-24T16:08:06","slug":"un-esfuerzo-global-para-investigar-el-cancer","status":"publish","type":"post","link":"https:\/\/lahora.mx\/index.php\/2025\/09\/24\/un-esfuerzo-global-para-investigar-el-cancer\/","title":{"rendered":"Un esfuerzo global para investigar el c\u00e1ncer"},"content":{"rendered":"\n<p>Cada 24 de septiembre se celebra el D\u00eda Mundial de la Investigaci\u00f3n contra el C\u00e1ncer, una fecha que busca concientizar sobre la importancia de investigar esta enfermedad, la cual causa 10 millones de muertes al a\u00f1o a nivel global.<\/p>\n\n\n\n<p>El objetivo principal de esta conmemoraci\u00f3n es aumentar la supervivencia, facilitar el acceso a los avances cient\u00edficos y reducir la carga mundial del c\u00e1ncer, que es la segunda causa de muerte en el mundo y afecta a personas de todas las edades y etnias.<br><br><strong>Tan solo en 2020 hubo casi 10 millones de defunciones por c\u00e1ncer, es decir, casi una de cada seis registradas.<\/strong>&nbsp;Algunos de los tipos m\u00e1s comunes de esta enfermedad son el de mama, pulm\u00f3n, colon, recto, y pr\u00f3stata.<\/p>\n\n\n\n<p><strong>En M\u00e9xico, los tumores malignos son una de las principales causas de mortalidad, con el c\u00e1ncer de mama y de pr\u00f3stata entre los m\u00e1s comunes.<\/strong>&nbsp;Cada a\u00f1o se diagnostican alrededor de 195 mil casos nuevos de c\u00e1ncer, lo que resalta la urgencia de impulsar la investigaci\u00f3n en oncolog\u00eda.<\/p>\n\n\n\n<p><strong>Algunos estudios sugieren que, alrededor de un tercio de las defunciones por c\u00e1ncer se deben al consumo de tabaco,<\/strong>&nbsp;un elevado \u00edndice de masa corporal, consumo de alcohol, baja ingesta de frutas y verduras, as\u00ed como de poca actividad f\u00edsica. Adem\u00e1s, la contaminaci\u00f3n ambiental es un factor de riesgo importante para el desarrollo de c\u00e1ncer de pulm\u00f3n.<\/p>\n\n\n\n<p><strong>Otras infecciones oncog\u00e9nicas pueden contribuir al desarrollo de c\u00e1ncer, como lo son los virus de hepatitis<\/strong>&nbsp;o el papilomavirus humano, registr\u00e1ndose el 30% de los casos de c\u00e1ncer en los pa\u00edses de bajos recursos que se encuentran m\u00e1s expuestos a este tipo de padecimientos.<\/p>\n\n\n\n<p><strong>La Agencia Internacional para la Investigaci\u00f3n del C\u00e1ncer (IARC) conmemora esta fecha publicando logros recientes en el campo,<\/strong>&nbsp;subrayando que la colaboraci\u00f3n global es esencial para seguir avanzando en la lucha contra el c\u00e1ncer.<\/p>\n\n\n\n<p><strong>Asimismo, la elecci\u00f3n de esta fecha coincide con el nacimiento del Dr. Severo Ochoa,&nbsp;<\/strong>cient\u00edfico espa\u00f1ol que gan\u00f3 el Premio Nobel de Medicina en 1959 por sus descubrimientos en gen\u00e9tica molecular.<\/p>\n\n\n\n<p><strong>Para el a\u00f1o 2025, los objetivos de la Declaraci\u00f3n Mundial por la Investigaci\u00f3n incluyen la promoci\u00f3n de la colaboraci\u00f3n internacional,<\/strong>&nbsp;el aumento de la financiaci\u00f3n sostenible para la investigaci\u00f3n y el desarrollo de infraestructuras en los pa\u00edses.<\/p>\n\n\n\n<p><strong>Muchos casos de c\u00e1ncer se pueden curar si se detectan a tiempo y se tratan eficazmente.&nbsp;<\/strong>Para reducir los factores de riesgo, se recomienda mantener un estilo de vida saludable, con una dieta equilibrada, ejercicio regular y evitar el consumo de tabaco, alcohol u otras sustancias nocivas para la salud.<\/p>\n\n\n\n<p><strong>Este d\u00eda es un recordatorio de que la investigaci\u00f3n es la clave para combatir esta enfermedad<\/strong>&nbsp;y que el esfuerzo conjunto de cient\u00edficos, gobiernos, empresas y ciudadanos es fundamental para lograr avances significativos.<\/p>\n\n\n\n<p><strong>En su compromiso con la difusi\u00f3n cient\u00edfica, Fundaci\u00f3n UNAM tiene diferentes premios y becas a las que puedes<\/strong>&nbsp;acceder para continuar con tus estudios profesionales, as\u00ed como diversos eventos que enriquecen el conocimiento y la cultura acad\u00e9mica.<\/p>\n","protected":false},"excerpt":{"rendered":"<p>Cada 24 de septiembre se celebra el D\u00eda Mundial de la Investigaci\u00f3n contra el C\u00e1ncer, una fecha que busca concientizar sobre la importancia de investigar esta enfermedad, la cual causa 10 millones de muertes al a\u00f1o a nivel global. El objetivo principal de esta conmemoraci\u00f3n es aumentar la supervivencia, facilitar el acceso a los avances [&hellip;]<\/p>\n","protected":false},"author":4,"featured_media":68699,"comment_status":"open","ping_status":"open","sticky":false,"template":"","format":"standard","meta":{"om_disable_all_campaigns":false,"_monsterinsights_skip_tracking":false,"_monsterinsights_sitenote_active":false,"_monsterinsights_sitenote_note":"","_monsterinsights_sitenote_category":0,"footnotes":""},"categories":[252],"tags":[],"class_list":["post-68698","post","type-post","status-publish","format-standard","has-post-thumbnail","hentry","category-salud"],"amp_enabled":true,"_links":{"self":[{"href":"https:\/\/lahora.mx\/index.php\/wp-json\/wp\/v2\/posts\/68698","targetHints":{"allow":["GET"]}}],"collection":[{"href":"https:\/\/lahora.mx\/index.php\/wp-json\/wp\/v2\/posts"}],"about":[{"href":"https:\/\/lahora.mx\/index.php\/wp-json\/wp\/v2\/types\/post"}],"author":[{"embeddable":true,"href":"https:\/\/lahora.mx\/index.php\/wp-json\/wp\/v2\/users\/4"}],"replies":[{"embeddable":true,"href":"https:\/\/lahora.mx\/index.php\/wp-json\/wp\/v2\/comments?post=68698"}],"version-history":[{"count":1,"href":"https:\/\/lahora.mx\/index.php\/wp-json\/wp\/v2\/posts\/68698\/revisions"}],"predecessor-version":[{"id":68700,"href":"https:\/\/lahora.mx\/index.php\/wp-json\/wp\/v2\/posts\/68698\/revisions\/68700"}],"wp:featuredmedia":[{"embeddable":true,"href":"https:\/\/lahora.mx\/index.php\/wp-json\/wp\/v2\/media\/68699"}],"wp:attachment":[{"href":"https:\/\/lahora.mx\/index.php\/wp-json\/wp\/v2\/media?parent=68698"}],"wp:term":[{"taxonomy":"category","embeddable":true,"href":"https:\/\/lahora.mx\/index.php\/wp-json\/wp\/v2\/categories?post=68698"},{"taxonomy":"post_tag","embeddable":true,"href":"https:\/\/lahora.mx\/index.php\/wp-json\/wp\/v2\/tags?post=68698"}],"curies":[{"name":"wp","href":"https:\/\/api.w.org\/{rel}","templated":true}]}}