{"id":68695,"date":"2025-09-24T16:06:09","date_gmt":"2025-09-24T16:06:09","guid":{"rendered":"https:\/\/lahora.mx\/?p=68695"},"modified":"2025-09-24T16:06:10","modified_gmt":"2025-09-24T16:06:10","slug":"texmelucan-concluye-contrato-con-infraenergia","status":"publish","type":"post","link":"https:\/\/lahora.mx\/index.php\/2025\/09\/24\/texmelucan-concluye-contrato-con-infraenergia\/","title":{"rendered":"Texmelucan concluye contrato con infraenerg\u00eda"},"content":{"rendered":"\n<p>Juan Manuel Alonso. edil de Texmelucan. confirm\u00f3 que despu\u00e9s de 15 a\u00f1os, el municipio terminar\u00e1 el contrato con la empresa Infraenerg\u00eda, a la cual se le hab\u00eda concesionado el servicio para la instalaci\u00f3n y manteniendo m\u00e1s de 7500 l\u00e1mparas.<\/p>\n\n\n\n<p>Este contrato era parte de los llamados PPS que se crearon durante el gobierno del extinto Rafael Moreno Valle.<br><br>Juan Manuel Alonso declar\u00f3 que el contrato expira en el mes de octubre y con ello el municipio dejara de pagar un mill\u00f3n 600 mil pesos.<\/p>\n\n\n\n<p>El edil se\u00f1al\u00f3 que esto representaba un gasto excesivo para el municipio, sin que se reflejara en un servicio de calidad, pues muchas de las l\u00e1mparas ya hab\u00edan cumplido su vida \u00fatil.<\/p>\n\n\n\n<p>Bajo este contexto, el alcalde refiri\u00f3 que, a partir del mes de noviembre, el Ayuntamiento podr\u00e1 ampliar la red de luminarias en la ciudad con un servicio m\u00e1s eficiente.<\/p>\n\n\n\n<p>El edil agreg\u00f3 que ya se han sustituido cerca de 350 luminarias principalmente en calles de gran afluencia peatonal, como el Carril de San Miguel, la calle Mujica y el \u00e1rea donde se ubica la Casa Carmen Serd\u00e1n.<\/p>\n\n\n\n<p>\u00abNos hemos enfocado en calles donde se encuentran escuelas de turno vespertino, para que las personas se sientan m\u00e1s seguras al salir de clases, y tambi\u00e9n en parques, para que permanezcan iluminados durante la noche\u201d, detall\u00f3.<\/p>\n\n\n\n<p>Finalmente asegur\u00f3 que se renovar\u00e1n las luminarias en las principales calles de las juntas auxiliares y en las inmediaciones de planteles educativos con horario vespertino en Texmelucan.<\/p>\n","protected":false},"excerpt":{"rendered":"<p>Juan Manuel Alonso. edil de Texmelucan. confirm\u00f3 que despu\u00e9s de 15 a\u00f1os, el municipio terminar\u00e1 el contrato con la empresa Infraenerg\u00eda, a la cual se le hab\u00eda concesionado el servicio para la instalaci\u00f3n y manteniendo m\u00e1s de 7500 l\u00e1mparas. Este contrato era parte de los llamados PPS que se crearon durante el gobierno del extinto [&hellip;]<\/p>\n","protected":false},"author":4,"featured_media":68696,"comment_status":"open","ping_status":"open","sticky":false,"template":"","format":"standard","meta":{"om_disable_all_campaigns":false,"_monsterinsights_skip_tracking":false,"_monsterinsights_sitenote_active":false,"_monsterinsights_sitenote_note":"","_monsterinsights_sitenote_category":0,"footnotes":""},"categories":[175],"tags":[],"class_list":["post-68695","post","type-post","status-publish","format-standard","has-post-thumbnail","hentry","category-local"],"amp_enabled":true,"_links":{"self":[{"href":"https:\/\/lahora.mx\/index.php\/wp-json\/wp\/v2\/posts\/68695","targetHints":{"allow":["GET"]}}],"collection":[{"href":"https:\/\/lahora.mx\/index.php\/wp-json\/wp\/v2\/posts"}],"about":[{"href":"https:\/\/lahora.mx\/index.php\/wp-json\/wp\/v2\/types\/post"}],"author":[{"embeddable":true,"href":"https:\/\/lahora.mx\/index.php\/wp-json\/wp\/v2\/users\/4"}],"replies":[{"embeddable":true,"href":"https:\/\/lahora.mx\/index.php\/wp-json\/wp\/v2\/comments?post=68695"}],"version-history":[{"count":1,"href":"https:\/\/lahora.mx\/index.php\/wp-json\/wp\/v2\/posts\/68695\/revisions"}],"predecessor-version":[{"id":68697,"href":"https:\/\/lahora.mx\/index.php\/wp-json\/wp\/v2\/posts\/68695\/revisions\/68697"}],"wp:featuredmedia":[{"embeddable":true,"href":"https:\/\/lahora.mx\/index.php\/wp-json\/wp\/v2\/media\/68696"}],"wp:attachment":[{"href":"https:\/\/lahora.mx\/index.php\/wp-json\/wp\/v2\/media?parent=68695"}],"wp:term":[{"taxonomy":"category","embeddable":true,"href":"https:\/\/lahora.mx\/index.php\/wp-json\/wp\/v2\/categories?post=68695"},{"taxonomy":"post_tag","embeddable":true,"href":"https:\/\/lahora.mx\/index.php\/wp-json\/wp\/v2\/tags?post=68695"}],"curies":[{"name":"wp","href":"https:\/\/api.w.org\/{rel}","templated":true}]}}