{"id":68686,"date":"2025-09-24T16:01:29","date_gmt":"2025-09-24T16:01:29","guid":{"rendered":"https:\/\/lahora.mx\/?p=68686"},"modified":"2025-09-24T16:01:30","modified_gmt":"2025-09-24T16:01:30","slug":"se-registra-ataque-armado-en-centro-de-detencion-de-migrantes-en-dallas-hay-un-muerto","status":"publish","type":"post","link":"https:\/\/lahora.mx\/index.php\/2025\/09\/24\/se-registra-ataque-armado-en-centro-de-detencion-de-migrantes-en-dallas-hay-un-muerto\/","title":{"rendered":"Se registra ataque armado en centro de detenci\u00f3n de migrantes en Dallas; hay un muerto"},"content":{"rendered":"\n<p>La ma\u00f1ana del mi\u00e9rcoles 24 de septiembre un tiroteo estremeci\u00f3 un centro de detenci\u00f3n de migrantes en Dallas, Texas, dejando como saldo una persona fallecida y dos m\u00e1s lesionadas, seg\u00fan reportes iniciales de la Polic\u00eda local.<\/p>\n\n\n\n<p>De acuerdo con las autoridades, el ataque fue perpetrado desde un inmueble cercano por un individuo que dispar\u00f3 hacia las instalaciones donde se encontraban migrantes bajo custodia del Servicio de Inmigraci\u00f3n y Control de Aduanas (ICE). Tras el operativo, los agentes hallaron al presunto tirador sin vida; los primeros indicios apuntan a que se quit\u00f3 la vida despu\u00e9s de abrir fuego.<br><br>Las dos personas heridas fueron trasladadas de inmediato a un hospital de la zona para recibir atenci\u00f3n m\u00e9dica. La Polic\u00eda de Dallas se\u00f1al\u00f3 que contin\u00faa investigando los hechos para determinar los motivos del ataque y reforzar la seguridad en el \u00e1rea.<\/p>\n","protected":false},"excerpt":{"rendered":"<p>La ma\u00f1ana del mi\u00e9rcoles 24 de septiembre un tiroteo estremeci\u00f3 un centro de detenci\u00f3n de migrantes en Dallas, Texas, dejando como saldo una persona fallecida y dos m\u00e1s lesionadas, seg\u00fan reportes iniciales de la Polic\u00eda local. De acuerdo con las autoridades, el ataque fue perpetrado desde un inmueble cercano por un individuo que dispar\u00f3 hacia [&hellip;]<\/p>\n","protected":false},"author":4,"featured_media":68687,"comment_status":"open","ping_status":"open","sticky":false,"template":"","format":"standard","meta":{"om_disable_all_campaigns":false,"_monsterinsights_skip_tracking":false,"_monsterinsights_sitenote_active":false,"_monsterinsights_sitenote_note":"","_monsterinsights_sitenote_category":0,"footnotes":""},"categories":[183],"tags":[],"class_list":["post-68686","post","type-post","status-publish","format-standard","has-post-thumbnail","hentry","category-internacional"],"amp_enabled":true,"_links":{"self":[{"href":"https:\/\/lahora.mx\/index.php\/wp-json\/wp\/v2\/posts\/68686","targetHints":{"allow":["GET"]}}],"collection":[{"href":"https:\/\/lahora.mx\/index.php\/wp-json\/wp\/v2\/posts"}],"about":[{"href":"https:\/\/lahora.mx\/index.php\/wp-json\/wp\/v2\/types\/post"}],"author":[{"embeddable":true,"href":"https:\/\/lahora.mx\/index.php\/wp-json\/wp\/v2\/users\/4"}],"replies":[{"embeddable":true,"href":"https:\/\/lahora.mx\/index.php\/wp-json\/wp\/v2\/comments?post=68686"}],"version-history":[{"count":1,"href":"https:\/\/lahora.mx\/index.php\/wp-json\/wp\/v2\/posts\/68686\/revisions"}],"predecessor-version":[{"id":68688,"href":"https:\/\/lahora.mx\/index.php\/wp-json\/wp\/v2\/posts\/68686\/revisions\/68688"}],"wp:featuredmedia":[{"embeddable":true,"href":"https:\/\/lahora.mx\/index.php\/wp-json\/wp\/v2\/media\/68687"}],"wp:attachment":[{"href":"https:\/\/lahora.mx\/index.php\/wp-json\/wp\/v2\/media?parent=68686"}],"wp:term":[{"taxonomy":"category","embeddable":true,"href":"https:\/\/lahora.mx\/index.php\/wp-json\/wp\/v2\/categories?post=68686"},{"taxonomy":"post_tag","embeddable":true,"href":"https:\/\/lahora.mx\/index.php\/wp-json\/wp\/v2\/tags?post=68686"}],"curies":[{"name":"wp","href":"https:\/\/api.w.org\/{rel}","templated":true}]}}