{"id":6864,"date":"2022-05-13T00:22:32","date_gmt":"2022-05-13T00:22:32","guid":{"rendered":"http:\/\/lahora.mx\/?p=6864"},"modified":"2022-05-13T00:22:33","modified_gmt":"2022-05-13T00:22:33","slug":"el-uso-voluntario-de-cubrebocas-por-riesgo-de-covid-divide-a-puebla","status":"publish","type":"post","link":"https:\/\/lahora.mx\/index.php\/2022\/05\/13\/el-uso-voluntario-de-cubrebocas-por-riesgo-de-covid-divide-a-puebla\/","title":{"rendered":"El uso voluntario de cubrebocas por riesgo de covid divide a Puebla"},"content":{"rendered":"\n<p>El decreto que establece\u00a0<strong>como voluntario el uso de cubrebocas<\/strong>\u00a0en Puebla dividi\u00f3 opiniones en los diferentes sectores de la sociedad, ya que algunos lo celebraron y otros consideraron que persiste el riesgo de contagios masivos de covid-19, por lo que el cubrebocas seguir\u00e1 siendo\u00a0<strong>obligatorio en restaurantes,\u00a0<\/strong>pero en\u00a0<strong>templos cat\u00f3licos ser\u00e1 opcional<\/strong>.<br>El decreto publicado este jueves 12 de mayo por el gobierno estatal,\u00a0<strong>elimina la obligaci\u00f3n de portar cubrebocas en espacios p\u00fablicos,<\/strong>\u00a0lo cual era obligatorio desde el\u00a0<strong>13 de abril de 2020<\/strong>, como una forma de prevenci\u00f3n ante el virus\u00a0<strong>SARS-CoV2<\/strong>.<br>Al respecto,\u00a0<strong>V\u00edctor Manuel Caballero Solano<\/strong>, acad\u00e9mico de la Universidad Popular Aut\u00f3noma del Estado de Puebla (UPAEP), se\u00f1al\u00f3 que, aunque no sea obligatorio, ser\u00eda positivo que la gente contin\u00fae us\u00e1ndolo\u00a0<strong>en espacios cerrados y cuando est\u00e9 enferma<\/strong>.<br><\/p>\n\n\n\n<p>El investigador recomend\u00f3 adem\u00e1s&nbsp;<strong>utilizar el cubrebocas en espacios cerrados<\/strong>, pues ayuda a protegerse cuando el aire no circula de la misma manera que en espacios abiertos.<\/p>\n\n\n\n<p><strong>Podr\u00eda generar ansiedad<\/strong><\/p>\n\n\n\n<p><strong>Leopoldo Castro Fern\u00e1ndez de Lara<\/strong>, especialista en psicolog\u00eda de la Universidad Iberoamericana de Puebla, dijo que esta nueva determinaci\u00f3n\u00a0<strong>podr\u00eda generar ansiedad en algunas personas,<\/strong>\u00a0pues no hay una explicaci\u00f3n para el cambio.<br><\/p>\n\n\n\n<p>Declar\u00f3 que cada persona puede reaccionar de manera diferente ante el anuncio del gobernador&nbsp;<strong>Luis Miguel Barbosa Huerta<\/strong>, pues habr\u00e1 quienes estar\u00e1n contentos porque en realidad no siempre lo emplearon, pero entre las personas que s\u00ed lo usaron hay quienes&nbsp;<strong>se sienten temerosas,<\/strong>&nbsp;porque a lo largo de dos a\u00f1os estuvieron llenos de mensajes sobre los peligros de la pandemia.<\/p>\n\n\n\n<p>El experto manifest\u00f3 que ser\u00eda necesario que las autoridades&nbsp;<strong>explicaran las razonas de cambiar de idea<\/strong>&nbsp;justo en este momento, cuando en otros pa\u00edses se est\u00e1 retomando el uso obligatorio, como en Estados Unidos.<\/p>\n\n\n\n<p>No obstante, reconoci\u00f3 a la gente no le queda m\u00e1s que\u00a0<strong>enfrentarse a esta nueva realidad<\/strong>, retomar sus actividades y\u00a0<strong>no generar un ambiente de odio<\/strong>\u00a0entre quienes s\u00ed y no quieren usar mascarillas.<\/p>\n\n\n\n<p><strong>Divide a la ciudadan\u00eda el cubrebocas<\/strong><\/p>\n\n\n\n<p><strong>Fernando Blanco<\/strong>, estudiante de enfermer\u00eda, consider\u00f3 que todav\u00eda no es momento para dejar el uso del cubrebocas, incluso aunque la gente ya este vacunada.<\/p>\n\n\n\n<p>Mientras que\u00a0<strong>Ricardo Cabrera<\/strong>\u00a0dijo que es necesario seguir usando cubrebocas y gel antibacterial para evitar el\u00a0<strong>covid-19<\/strong>, as\u00ed como otras enfermedades.<\/p>\n\n\n\n<p>A su vez\u00a0<strong>Micaela<\/strong>\u00a0manifest\u00f3 que la gente s\u00ed debe cuidarse aunque las autoridades digan que la pandemia ya no sigue pues no se sabe si el resto de la gente est\u00e1 enferma.<\/p>\n\n\n\n<p>Por el contrario,\u00a0<strong>Dinorah Peralta\u00a0<\/strong>aval\u00f3 que no sea obligatorio el empleo de las mascarillas pues hace calor y la gente ya no lo usaba en todas partes.<\/p>\n\n\n\n<p><strong>Se revelan restauranteros<\/strong><\/p>\n\n\n\n<p>Ante el retiro del uso obligatorio, restauranteros afiliados a la C\u00e1mara Nacional de la Industria de Restaurantes y Alimentos Condimentados (Canirac) anunciaron&nbsp;<strong>que el cubrebocas continuar\u00e1 exigi\u00e9ndose en sus establecimientos.<\/strong><\/p>\n\n\n\n<p>Mediante un comunicado la Canirac recomend\u00f3 a sus socios y socias\u00a0<strong>mantener el uso obligatorio del cubrebocas<\/strong>\u00a0en el personal que prepara los alimentos, el personal administrativo, as\u00ed como a los proveedores.<\/p>\n\n\n\n<p>Si bien expres\u00f3 que respeta las disposiciones del gobierno, se\u00f1al\u00f3 que continuar\u00e1 solicitando<strong>&nbsp;a comensales usar el cubrebocas<\/strong>, sobre todo en \u00e1reas comunes.<\/p>\n\n\n\n<p>\u201cSe mantendr\u00e1n carteles y gr\u00e1ficos que&nbsp;<strong>invitan a la poblaci\u00f3n a usar mascarilla<\/strong>&nbsp;en \u00e1reas comunes de los restaurantes, como sanitarios y zonas de espera\u201d, subray\u00f3.<\/p>\n","protected":false},"excerpt":{"rendered":"<p>El decreto que establece\u00a0como voluntario el uso de cubrebocas\u00a0en Puebla dividi\u00f3 opiniones en los diferentes sectores de la sociedad, ya que algunos lo celebraron y otros consideraron que persiste el riesgo de contagios masivos de covid-19, por lo que el cubrebocas seguir\u00e1 siendo\u00a0obligatorio en restaurantes,\u00a0pero en\u00a0templos cat\u00f3licos ser\u00e1 opcional.El decreto publicado este jueves 12 de [&hellip;]<\/p>\n","protected":false},"author":4,"featured_media":6865,"comment_status":"open","ping_status":"open","sticky":false,"template":"","format":"standard","meta":{"om_disable_all_campaigns":false,"_monsterinsights_skip_tracking":false,"_monsterinsights_sitenote_active":false,"_monsterinsights_sitenote_note":"","_monsterinsights_sitenote_category":0,"footnotes":""},"categories":[175],"tags":[223],"class_list":["post-6864","post","type-post","status-publish","format-standard","has-post-thumbnail","hentry","category-local","tag-puebla"],"amp_enabled":true,"_links":{"self":[{"href":"https:\/\/lahora.mx\/index.php\/wp-json\/wp\/v2\/posts\/6864","targetHints":{"allow":["GET"]}}],"collection":[{"href":"https:\/\/lahora.mx\/index.php\/wp-json\/wp\/v2\/posts"}],"about":[{"href":"https:\/\/lahora.mx\/index.php\/wp-json\/wp\/v2\/types\/post"}],"author":[{"embeddable":true,"href":"https:\/\/lahora.mx\/index.php\/wp-json\/wp\/v2\/users\/4"}],"replies":[{"embeddable":true,"href":"https:\/\/lahora.mx\/index.php\/wp-json\/wp\/v2\/comments?post=6864"}],"version-history":[{"count":1,"href":"https:\/\/lahora.mx\/index.php\/wp-json\/wp\/v2\/posts\/6864\/revisions"}],"predecessor-version":[{"id":6866,"href":"https:\/\/lahora.mx\/index.php\/wp-json\/wp\/v2\/posts\/6864\/revisions\/6866"}],"wp:featuredmedia":[{"embeddable":true,"href":"https:\/\/lahora.mx\/index.php\/wp-json\/wp\/v2\/media\/6865"}],"wp:attachment":[{"href":"https:\/\/lahora.mx\/index.php\/wp-json\/wp\/v2\/media?parent=6864"}],"wp:term":[{"taxonomy":"category","embeddable":true,"href":"https:\/\/lahora.mx\/index.php\/wp-json\/wp\/v2\/categories?post=6864"},{"taxonomy":"post_tag","embeddable":true,"href":"https:\/\/lahora.mx\/index.php\/wp-json\/wp\/v2\/tags?post=6864"}],"curies":[{"name":"wp","href":"https:\/\/api.w.org\/{rel}","templated":true}]}}