{"id":68625,"date":"2025-09-11T01:57:15","date_gmt":"2025-09-11T01:57:15","guid":{"rendered":"https:\/\/lahora.mx\/?p=68625"},"modified":"2025-09-24T02:02:03","modified_gmt":"2025-09-24T02:02:03","slug":"puente-de-huejotzingo-seria-reparado-en-3-meses-asegura-el-presidente-municipal","status":"publish","type":"post","link":"https:\/\/lahora.mx\/index.php\/2025\/09\/11\/puente-de-huejotzingo-seria-reparado-en-3-meses-asegura-el-presidente-municipal\/","title":{"rendered":"Puente de Huejotzingo ser\u00eda reparado en 3 meses asegura el presidente municipal."},"content":{"rendered":"\n<p>El presidente municipal de Huejotzingo, Roberto Sol\u00eds Valles inform\u00f3 que la reestructuraci\u00f3n del puente ubicado a la altura del kil\u00f3metro 0+200 el cual presentaba un socav\u00f3n y da\u00f1os visibles podr\u00eda durar solamente tres meses.<\/p>\n\n\n\n<p>\u00abEl puente en un inicio pens\u00e1bamos que ten\u00eda da\u00f1o estructural, la realidad es que no tiene, con los m\u00f3dulos de maquinaria la obra se llevar\u00e1 a cabo a m\u00e1s tardar en tres meses\u00bb mencion\u00f3 el presidente<\/p>\n\n\n\n<p>Tambi\u00e9n indic\u00f3 que el puente se estar\u00e1 reconstruyendo al 100 por ciento gracias a la ayuda del gobierno del estado de Puebla, la ayuda del municipio es dialogar con los ejidatarios para permitir un camino alterno para que los usuarios de esta vialidad puedan pasar.<\/p>\n\n\n\n<p>Puntualiz\u00f3 que el bulevard necesita una ampliaci\u00f3n a 4 carriles debido a que es un eje de desarrollo econ\u00f3mico y con la estructura actual sufre de saturaci\u00f3n.<\/p>\n","protected":false},"excerpt":{"rendered":"<p>El presidente municipal de Huejotzingo, Roberto Sol\u00eds Valles inform\u00f3 que la reestructuraci\u00f3n del puente ubicado a la altura del kil\u00f3metro 0+200 el cual presentaba un socav\u00f3n y da\u00f1os visibles podr\u00eda durar solamente tres meses. \u00abEl puente en un inicio pens\u00e1bamos que ten\u00eda da\u00f1o estructural, la realidad es que no tiene, con los m\u00f3dulos de maquinaria [&hellip;]<\/p>\n","protected":false},"author":4,"featured_media":68627,"comment_status":"open","ping_status":"open","sticky":false,"template":"","format":"standard","meta":{"om_disable_all_campaigns":false,"_monsterinsights_skip_tracking":false,"_monsterinsights_sitenote_active":false,"_monsterinsights_sitenote_note":"","_monsterinsights_sitenote_category":0,"footnotes":""},"categories":[5],"tags":[],"class_list":["post-68625","post","type-post","status-publish","format-standard","has-post-thumbnail","hentry","category-politica"],"amp_enabled":true,"_links":{"self":[{"href":"https:\/\/lahora.mx\/index.php\/wp-json\/wp\/v2\/posts\/68625","targetHints":{"allow":["GET"]}}],"collection":[{"href":"https:\/\/lahora.mx\/index.php\/wp-json\/wp\/v2\/posts"}],"about":[{"href":"https:\/\/lahora.mx\/index.php\/wp-json\/wp\/v2\/types\/post"}],"author":[{"embeddable":true,"href":"https:\/\/lahora.mx\/index.php\/wp-json\/wp\/v2\/users\/4"}],"replies":[{"embeddable":true,"href":"https:\/\/lahora.mx\/index.php\/wp-json\/wp\/v2\/comments?post=68625"}],"version-history":[{"count":1,"href":"https:\/\/lahora.mx\/index.php\/wp-json\/wp\/v2\/posts\/68625\/revisions"}],"predecessor-version":[{"id":68628,"href":"https:\/\/lahora.mx\/index.php\/wp-json\/wp\/v2\/posts\/68625\/revisions\/68628"}],"wp:featuredmedia":[{"embeddable":true,"href":"https:\/\/lahora.mx\/index.php\/wp-json\/wp\/v2\/media\/68627"}],"wp:attachment":[{"href":"https:\/\/lahora.mx\/index.php\/wp-json\/wp\/v2\/media?parent=68625"}],"wp:term":[{"taxonomy":"category","embeddable":true,"href":"https:\/\/lahora.mx\/index.php\/wp-json\/wp\/v2\/categories?post=68625"},{"taxonomy":"post_tag","embeddable":true,"href":"https:\/\/lahora.mx\/index.php\/wp-json\/wp\/v2\/tags?post=68625"}],"curies":[{"name":"wp","href":"https:\/\/api.w.org\/{rel}","templated":true}]}}