{"id":68622,"date":"2025-09-15T01:55:32","date_gmt":"2025-09-15T01:55:32","guid":{"rendered":"https:\/\/lahora.mx\/?p=68622"},"modified":"2025-09-24T02:01:15","modified_gmt":"2025-09-24T02:01:15","slug":"gobierno-municipal-de-huejotzingo-anuncia-zona-vip-para-la-feria-patronal-2025","status":"publish","type":"post","link":"https:\/\/lahora.mx\/index.php\/2025\/09\/15\/gobierno-municipal-de-huejotzingo-anuncia-zona-vip-para-la-feria-patronal-2025\/","title":{"rendered":"Gobierno Municipal de Huejotzingo anuncia Zona VIP para la Feria Patronal 2025"},"content":{"rendered":"\n<p>El Gobierno Municipal de Huejotzingo inform\u00f3 que durante la Feria Patronal 2025 estar\u00e1 disponible una Zona VIP con acceso preferencial, atenci\u00f3n personalizada, \u00e1reas de descanso, ba\u00f1os exclusivos y servicios de bebidas.<\/p>\n\n\n\n<p>Los precios establecidos son: $4,000 por mesa (4 personas) para los conciertos de Plastilina Mosh, Pesado e Inspector, y $6,000 por mesa para La Trakalosa de Monterrey. Las compras se realizar\u00e1n en la caja general del Ayuntamiento.<\/p>\n","protected":false},"excerpt":{"rendered":"<p>El Gobierno Municipal de Huejotzingo inform\u00f3 que durante la Feria Patronal 2025 estar\u00e1 disponible una Zona VIP con acceso preferencial, atenci\u00f3n personalizada, \u00e1reas de descanso, ba\u00f1os exclusivos y servicios de bebidas. Los precios establecidos son: $4,000 por mesa (4 personas) para los conciertos de Plastilina Mosh, Pesado e Inspector, y $6,000 por mesa para La [&hellip;]<\/p>\n","protected":false},"author":4,"featured_media":68623,"comment_status":"open","ping_status":"open","sticky":false,"template":"","format":"standard","meta":{"om_disable_all_campaigns":false,"_monsterinsights_skip_tracking":false,"_monsterinsights_sitenote_active":false,"_monsterinsights_sitenote_note":"","_monsterinsights_sitenote_category":0,"footnotes":""},"categories":[5],"tags":[],"class_list":["post-68622","post","type-post","status-publish","format-standard","has-post-thumbnail","hentry","category-politica"],"amp_enabled":true,"_links":{"self":[{"href":"https:\/\/lahora.mx\/index.php\/wp-json\/wp\/v2\/posts\/68622","targetHints":{"allow":["GET"]}}],"collection":[{"href":"https:\/\/lahora.mx\/index.php\/wp-json\/wp\/v2\/posts"}],"about":[{"href":"https:\/\/lahora.mx\/index.php\/wp-json\/wp\/v2\/types\/post"}],"author":[{"embeddable":true,"href":"https:\/\/lahora.mx\/index.php\/wp-json\/wp\/v2\/users\/4"}],"replies":[{"embeddable":true,"href":"https:\/\/lahora.mx\/index.php\/wp-json\/wp\/v2\/comments?post=68622"}],"version-history":[{"count":1,"href":"https:\/\/lahora.mx\/index.php\/wp-json\/wp\/v2\/posts\/68622\/revisions"}],"predecessor-version":[{"id":68626,"href":"https:\/\/lahora.mx\/index.php\/wp-json\/wp\/v2\/posts\/68622\/revisions\/68626"}],"wp:featuredmedia":[{"embeddable":true,"href":"https:\/\/lahora.mx\/index.php\/wp-json\/wp\/v2\/media\/68623"}],"wp:attachment":[{"href":"https:\/\/lahora.mx\/index.php\/wp-json\/wp\/v2\/media?parent=68622"}],"wp:term":[{"taxonomy":"category","embeddable":true,"href":"https:\/\/lahora.mx\/index.php\/wp-json\/wp\/v2\/categories?post=68622"},{"taxonomy":"post_tag","embeddable":true,"href":"https:\/\/lahora.mx\/index.php\/wp-json\/wp\/v2\/tags?post=68622"}],"curies":[{"name":"wp","href":"https:\/\/api.w.org\/{rel}","templated":true}]}}