{"id":68619,"date":"2025-09-15T01:49:18","date_gmt":"2025-09-15T01:49:18","guid":{"rendered":"https:\/\/lahora.mx\/?p=68619"},"modified":"2025-09-24T02:01:14","modified_gmt":"2025-09-24T02:01:14","slug":"shamy-spezia-fortalece-la-asistencia-social-con-la-entrega-de-despensas-del-programa-de-corazon-a-corazon","status":"publish","type":"post","link":"https:\/\/lahora.mx\/index.php\/2025\/09\/15\/shamy-spezia-fortalece-la-asistencia-social-con-la-entrega-de-despensas-del-programa-de-corazon-a-corazon\/","title":{"rendered":"Shamy Spezia fortalece la asistencia social con la entrega de despensas del programa De Coraz\u00f3n a Coraz\u00f3n"},"content":{"rendered":"\n<p>En un acto de compromiso con las personas en situaci\u00f3n de vulnerabilidad, la Presidenta Honoraria del Sistema Municipal DIF de Huejotzingo (SMDIF), Shamy Spezia, acompa\u00f1ada por el Presidente Municipal, Roberto Sol\u00eds Valles, encabez\u00f3 la entrega de despensas correspondientes al Programa de Apoyo Alimentario \u201cDe coraz\u00f3n a coraz\u00f3n\u201d.<\/p>\n\n\n\n<p>Este programa busca garantizar el bienestar de sectores prioritarios en el Municipio. Las despensas fueron destinadas a personas adultas mayores, con discapacidad y pacientes oncol\u00f3gicos, quienes recibieron este apoyo como parte de las acciones para mejorar su calidad de vida.<\/p>\n\n\n\n<p>Durante el evento, Shamy destac\u00f3 la labor incansable del equipo del SMDIF, enfatizando su compromiso de servir a la ciudadan\u00eda huejotzinga, especialmente a quienes enfrentan mayores desaf\u00edos. \u201cEstamos aqu\u00ed para decirles que no est\u00e1n solos, que cuentan con nosotros para salir adelante\u201d, expres\u00f3 la Presidenta Honoraria, reafirmando su dedicaci\u00f3n a las causas sociales.<\/p>\n\n\n\n<p>Por su parte, Sol\u00eds Valles elogi\u00f3 el liderazgo y la sensibilidad de Shamy Spezia al frente del DIF, destacando que su compromiso con la comunidad ha sido evidente desde el inicio de su gesti\u00f3n. \u201cEl trabajo que realiza Shamy refleja el esp\u00edritu de solidaridad que caracteriza a Huejotzingo\u201d, se\u00f1al\u00f3 el edil.<\/p>\n\n\n\n<p>Con estas acciones, el SMDIF y el Gobierno Municipal consolidan su compromiso con la justicia social, trabajando de manera conjunta para llevar apoyo directo a quienes m\u00e1s lo necesitan. El programa \u201cDe coraz\u00f3n a coraz\u00f3n\u201d continuar\u00e1 siendo un pilar en la construcci\u00f3n de un Municipio m\u00e1s incluyente y solidario.<\/p>\n","protected":false},"excerpt":{"rendered":"<p>En un acto de compromiso con las personas en situaci\u00f3n de vulnerabilidad, la Presidenta Honoraria del Sistema Municipal DIF de Huejotzingo (SMDIF), Shamy Spezia, acompa\u00f1ada por el Presidente Municipal, Roberto Sol\u00eds Valles, encabez\u00f3 la entrega de despensas correspondientes al Programa de Apoyo Alimentario \u201cDe coraz\u00f3n a coraz\u00f3n\u201d. Este programa busca garantizar el bienestar de sectores [&hellip;]<\/p>\n","protected":false},"author":4,"featured_media":68620,"comment_status":"open","ping_status":"open","sticky":false,"template":"","format":"standard","meta":{"om_disable_all_campaigns":false,"_monsterinsights_skip_tracking":false,"_monsterinsights_sitenote_active":false,"_monsterinsights_sitenote_note":"","_monsterinsights_sitenote_category":0,"footnotes":""},"categories":[5],"tags":[],"class_list":["post-68619","post","type-post","status-publish","format-standard","has-post-thumbnail","hentry","category-politica"],"amp_enabled":true,"_links":{"self":[{"href":"https:\/\/lahora.mx\/index.php\/wp-json\/wp\/v2\/posts\/68619","targetHints":{"allow":["GET"]}}],"collection":[{"href":"https:\/\/lahora.mx\/index.php\/wp-json\/wp\/v2\/posts"}],"about":[{"href":"https:\/\/lahora.mx\/index.php\/wp-json\/wp\/v2\/types\/post"}],"author":[{"embeddable":true,"href":"https:\/\/lahora.mx\/index.php\/wp-json\/wp\/v2\/users\/4"}],"replies":[{"embeddable":true,"href":"https:\/\/lahora.mx\/index.php\/wp-json\/wp\/v2\/comments?post=68619"}],"version-history":[{"count":1,"href":"https:\/\/lahora.mx\/index.php\/wp-json\/wp\/v2\/posts\/68619\/revisions"}],"predecessor-version":[{"id":68621,"href":"https:\/\/lahora.mx\/index.php\/wp-json\/wp\/v2\/posts\/68619\/revisions\/68621"}],"wp:featuredmedia":[{"embeddable":true,"href":"https:\/\/lahora.mx\/index.php\/wp-json\/wp\/v2\/media\/68620"}],"wp:attachment":[{"href":"https:\/\/lahora.mx\/index.php\/wp-json\/wp\/v2\/media?parent=68619"}],"wp:term":[{"taxonomy":"category","embeddable":true,"href":"https:\/\/lahora.mx\/index.php\/wp-json\/wp\/v2\/categories?post=68619"},{"taxonomy":"post_tag","embeddable":true,"href":"https:\/\/lahora.mx\/index.php\/wp-json\/wp\/v2\/tags?post=68619"}],"curies":[{"name":"wp","href":"https:\/\/api.w.org\/{rel}","templated":true}]}}