{"id":68588,"date":"2025-09-23T18:23:30","date_gmt":"2025-09-23T18:23:30","guid":{"rendered":"https:\/\/lahora.mx\/?p=68588"},"modified":"2025-09-23T18:23:31","modified_gmt":"2025-09-23T18:23:31","slug":"economia-mexicana-inicia-con-el-pie-izquierdo-el-segundo-trimestre-reporta-debilidad-en-tres-grandes-sectores","status":"publish","type":"post","link":"https:\/\/lahora.mx\/index.php\/2025\/09\/23\/economia-mexicana-inicia-con-el-pie-izquierdo-el-segundo-trimestre-reporta-debilidad-en-tres-grandes-sectores\/","title":{"rendered":"Econom\u00eda mexicana inicia con el pie izquierdo el segundo trimestre, reporta debilidad en tres grandes sectores"},"content":{"rendered":"\n<p>El Indicador Global de Actividad Econ\u00f3mica (IGAE) retrocedi\u00f3 durante julio pasado, debido principalmente a la contracci\u00f3n de los tres grandes sectores que lo integran, revelan los datos publicados por el Instituto Nacional de Estad\u00edstica y Geograf\u00eda (Inegi).<\/p>\n\n\n\n<p>El sector servicios que report\u00f3 una disminuci\u00f3n mensual de 0.4% en julio, tras avanzar 0.3% en junio.<\/p>\n\n\n\n<p>Nueve de las 14 actividades que integran el sector reportaron un retroceso, entre las que destacan: servicios de alojamiento y preparaci\u00f3n de alimentos y bebidas con una ca\u00edda mensual de 1.3%; servicios de esparcimiento, culturales y deportivos, -1.1%; as\u00ed como transportes, correos y almacenamiento, cient\u00edficos y t\u00e9cnicos, -1.0%.<br><\/p>\n\n\n\n<p>Asimismo, como ya se hab\u00eda informado, la producci\u00f3n industrial report\u00f3 una contracci\u00f3n mensual de 1.2%, debido al menor dinamismo de la construcci\u00f3n con una baja de 1.2% y la manufactura con una ca\u00edda de 1.6%.<\/p>\n\n\n\n<p>Por su parte, la actividad agropecuaria se contrajo 3.0% en julio, luego de un estancamiento en junio y un crecimiento de 3.0% en mayo.<\/p>\n\n\n\n<p>Con cifras desestacionalizada el IGAE cay\u00f3 1.2% a tasa anual al inicio del segundo semestre del a\u00f1o. Este resultado se explica por el desplome de 12.2 del sector agropecuario, as\u00ed como por la ca\u00edda de 2.8% de la industria. Por el contrario, el sector servicios alcanz\u00f3 a registrar un aumento de 0.4%, manteni\u00e9ndose en terreno positivo desde marzo de 2021.<\/p>\n","protected":false},"excerpt":{"rendered":"<p>El Indicador Global de Actividad Econ\u00f3mica (IGAE) retrocedi\u00f3 durante julio pasado, debido principalmente a la contracci\u00f3n de los tres grandes sectores que lo integran, revelan los datos publicados por el Instituto Nacional de Estad\u00edstica y Geograf\u00eda (Inegi). El sector servicios que report\u00f3 una disminuci\u00f3n mensual de 0.4% en julio, tras avanzar 0.3% en junio. Nueve [&hellip;]<\/p>\n","protected":false},"author":4,"featured_media":68589,"comment_status":"open","ping_status":"open","sticky":false,"template":"","format":"standard","meta":{"om_disable_all_campaigns":false,"_monsterinsights_skip_tracking":false,"_monsterinsights_sitenote_active":false,"_monsterinsights_sitenote_note":"","_monsterinsights_sitenote_category":0,"footnotes":""},"categories":[2],"tags":[],"class_list":["post-68588","post","type-post","status-publish","format-standard","has-post-thumbnail","hentry","category-negocios"],"amp_enabled":true,"_links":{"self":[{"href":"https:\/\/lahora.mx\/index.php\/wp-json\/wp\/v2\/posts\/68588","targetHints":{"allow":["GET"]}}],"collection":[{"href":"https:\/\/lahora.mx\/index.php\/wp-json\/wp\/v2\/posts"}],"about":[{"href":"https:\/\/lahora.mx\/index.php\/wp-json\/wp\/v2\/types\/post"}],"author":[{"embeddable":true,"href":"https:\/\/lahora.mx\/index.php\/wp-json\/wp\/v2\/users\/4"}],"replies":[{"embeddable":true,"href":"https:\/\/lahora.mx\/index.php\/wp-json\/wp\/v2\/comments?post=68588"}],"version-history":[{"count":1,"href":"https:\/\/lahora.mx\/index.php\/wp-json\/wp\/v2\/posts\/68588\/revisions"}],"predecessor-version":[{"id":68590,"href":"https:\/\/lahora.mx\/index.php\/wp-json\/wp\/v2\/posts\/68588\/revisions\/68590"}],"wp:featuredmedia":[{"embeddable":true,"href":"https:\/\/lahora.mx\/index.php\/wp-json\/wp\/v2\/media\/68589"}],"wp:attachment":[{"href":"https:\/\/lahora.mx\/index.php\/wp-json\/wp\/v2\/media?parent=68588"}],"wp:term":[{"taxonomy":"category","embeddable":true,"href":"https:\/\/lahora.mx\/index.php\/wp-json\/wp\/v2\/categories?post=68588"},{"taxonomy":"post_tag","embeddable":true,"href":"https:\/\/lahora.mx\/index.php\/wp-json\/wp\/v2\/tags?post=68588"}],"curies":[{"name":"wp","href":"https:\/\/api.w.org\/{rel}","templated":true}]}}