{"id":68585,"date":"2025-09-23T17:41:08","date_gmt":"2025-09-23T17:41:08","guid":{"rendered":"https:\/\/lahora.mx\/?p=68585"},"modified":"2025-09-23T17:41:09","modified_gmt":"2025-09-23T17:41:09","slug":"regresara-tonantzin-fernandez-a-juntas-auxiliares","status":"publish","type":"post","link":"https:\/\/lahora.mx\/index.php\/2025\/09\/23\/regresara-tonantzin-fernandez-a-juntas-auxiliares\/","title":{"rendered":"Regresar\u00e1 Tonantzin Fern\u00e1ndez a juntas auxiliares"},"content":{"rendered":"\n<p>La presidenta municipal de San Pedro Cholula, Tonantzin Fern\u00e1ndez D\u00edaz dio a conocer que estar\u00e1 regresando a las juntas auxiliares y de cara al pueblo estar\u00e1 rindiendo informes de gobiernos en cada localidad.<\/p>\n\n\n\n<p>Expuso que estar\u00e1 dando cuenta de esta acci\u00f3n como corresponde ante cabildo y har\u00e1n un evento masivo pero posterior a ello, estar\u00e1n arribando a cada junta auxiliar para presentar las acciones realizadas.<br><br>Previo a ello, el ejercicio de informar las acciones que se han realizado por cada secretar\u00eda se estar\u00e1 replicando desde este d\u00eda, y es que hoy con la titular de obras p\u00fablicas inform\u00f3 las acciones realizadas y lo qu\u00e9 viene para San Pedro Cholula y en tres d\u00edas estar\u00e1 realizando una acci\u00f3n similar en el tema de bienestar.<\/p>\n\n\n\n<p>\u201cEl 15 de octubre es la fecha para que nosotros como presidentes municipales, podamos dar cuenta a trav\u00e9s de una sesi\u00f3n solemne de cabildo y de ah\u00ed estaremos recorriendo las 13 juntas auxiliares para hacer un informe de cara al pueblo\u201d.<\/p>\n\n\n\n<p>Detall\u00f3 que estar\u00e1 informando a las comunidades que acciones estar\u00e1n haciendo en materia de seguridad, de bienestar, de obras, y en materia de DIF, por lo que invit\u00f3 a los cholultecas a estar pendiente de estas para que se transparente lo que se ha efectuado en este a\u00f1o de gobierno.<\/p>\n","protected":false},"excerpt":{"rendered":"<p>La presidenta municipal de San Pedro Cholula, Tonantzin Fern\u00e1ndez D\u00edaz dio a conocer que estar\u00e1 regresando a las juntas auxiliares y de cara al pueblo estar\u00e1 rindiendo informes de gobiernos en cada localidad. Expuso que estar\u00e1 dando cuenta de esta acci\u00f3n como corresponde ante cabildo y har\u00e1n un evento masivo pero posterior a ello, estar\u00e1n [&hellip;]<\/p>\n","protected":false},"author":4,"featured_media":68586,"comment_status":"open","ping_status":"open","sticky":false,"template":"","format":"standard","meta":{"om_disable_all_campaigns":false,"_monsterinsights_skip_tracking":false,"_monsterinsights_sitenote_active":false,"_monsterinsights_sitenote_note":"","_monsterinsights_sitenote_category":0,"footnotes":""},"categories":[5],"tags":[],"class_list":["post-68585","post","type-post","status-publish","format-standard","has-post-thumbnail","hentry","category-politica"],"amp_enabled":true,"_links":{"self":[{"href":"https:\/\/lahora.mx\/index.php\/wp-json\/wp\/v2\/posts\/68585","targetHints":{"allow":["GET"]}}],"collection":[{"href":"https:\/\/lahora.mx\/index.php\/wp-json\/wp\/v2\/posts"}],"about":[{"href":"https:\/\/lahora.mx\/index.php\/wp-json\/wp\/v2\/types\/post"}],"author":[{"embeddable":true,"href":"https:\/\/lahora.mx\/index.php\/wp-json\/wp\/v2\/users\/4"}],"replies":[{"embeddable":true,"href":"https:\/\/lahora.mx\/index.php\/wp-json\/wp\/v2\/comments?post=68585"}],"version-history":[{"count":1,"href":"https:\/\/lahora.mx\/index.php\/wp-json\/wp\/v2\/posts\/68585\/revisions"}],"predecessor-version":[{"id":68587,"href":"https:\/\/lahora.mx\/index.php\/wp-json\/wp\/v2\/posts\/68585\/revisions\/68587"}],"wp:featuredmedia":[{"embeddable":true,"href":"https:\/\/lahora.mx\/index.php\/wp-json\/wp\/v2\/media\/68586"}],"wp:attachment":[{"href":"https:\/\/lahora.mx\/index.php\/wp-json\/wp\/v2\/media?parent=68585"}],"wp:term":[{"taxonomy":"category","embeddable":true,"href":"https:\/\/lahora.mx\/index.php\/wp-json\/wp\/v2\/categories?post=68585"},{"taxonomy":"post_tag","embeddable":true,"href":"https:\/\/lahora.mx\/index.php\/wp-json\/wp\/v2\/tags?post=68585"}],"curies":[{"name":"wp","href":"https:\/\/api.w.org\/{rel}","templated":true}]}}