{"id":68579,"date":"2025-09-23T16:37:02","date_gmt":"2025-09-23T16:37:02","guid":{"rendered":"https:\/\/lahora.mx\/?p=68579"},"modified":"2025-09-23T16:37:03","modified_gmt":"2025-09-23T16:37:03","slug":"trump-designa-ideologia-antifascista-como-terrorismo-en-estados-unidos","status":"publish","type":"post","link":"https:\/\/lahora.mx\/index.php\/2025\/09\/23\/trump-designa-ideologia-antifascista-como-terrorismo-en-estados-unidos\/","title":{"rendered":"Trump designa ideolog\u00eda antifascista como terrorismo en Estados Unidos"},"content":{"rendered":"\n<p>El presidente de Estados Unidos, Donald Trump, firm\u00f3 una orden ejecutiva que designa a la ideolog\u00eda antifascista (Antifa, como se designa en idioma ingl\u00e9s) como \u00abuna organizaci\u00f3n terrorista dom\u00e9stica\u00bb, pero varios expertos consideran que la decisi\u00f3n carece de autoridad legal.<\/p>\n\n\n\n<p>\u00abEl presidente Donald J. Trump tiene raz\u00f3n: el problema de la violencia est\u00e1 en la izquierda. Por eso acaba de designar a Antifa \u2014una red de terroristas de izquierda radical que buscan derrocar al Gobierno mediante la violencia y la agitaci\u00f3n\u2014 como una organizaci\u00f3n terrorista dom\u00e9stica\u00bb, se\u00f1al\u00f3 la Casa Blanca en un documento ayer, tras la designaci\u00f3n.<\/p>\n\n\n\n<p>El texto tambi\u00e9n enumer\u00f3 ejemplos del \u00ablargo historial del movimiento de aterrorizar a nuestras comunidades\u00bb, incluyendo ataques contra agentes del Servicio de Inmigraci\u00f3n y Control de Aduanas (ICE, por sus siglas en ingl\u00e9s), polic\u00edas, asistentes a eventos pol\u00edticos conservadores y simpatizantes de Trump.<\/p>\n\n\n\n<p>La orden instruye al Gobierno federal a \u00abinvestigar, interrumpir y desmantelar todas las operaciones ilegales\u00bb llevadas a cabo por Antifa o cualquier persona que afirme actuar en su nombre.<\/p>\n\n\n\n<p>Te puede interesar:<\/p>\n\n\n\n<p>Donald Trump amenaza a Afganist\u00e1n por control de base a\u00e9rea de Bagram<\/p>\n\n\n\n<p>flecha derecha<\/p>\n\n\n\n<p>Tambi\u00e9n pide \u00ablas acciones de investigaci\u00f3n y enjuiciamiento necesarias contra quienes financian dichas operaciones\u00bb.<\/p>\n\n\n\n<p>\u201cEl terror de Antifa forma parte de la tendencia de violencia de izquierda radical que ha permeado la naci\u00f3n en los \u00faltimos a\u00f1os, incitada por constantes mentiras y ataques feroces contra los republicanos por parte de pol\u00edticos dem\u00f3cratas desequilibrados, organizaciones izquierdistas bien financiadas y sus aliados en los medios\u00bb, a\u00f1ade el documento, que tambi\u00e9n afirma que el activista conservador Charlie Kirk fue asesinado por un \u00abterrorista de izquierda radical\u00bb.<\/p>\n\n\n\n<p>No existe autoridad legal para esto<br>\u00abNo existe autoridad legal para designar realmente a un grupo dom\u00e9stico como organizaci\u00f3n terrorista, incluso suponiendo que Antifa sea una organizaci\u00f3n y no solo una ideolog\u00eda\u00bb, se\u00f1al\u00f3 Mary McCord, exjefa interna de la divisi\u00f3n de seguridad nacional del Departamento de Justicia, citada por The New York Times.<\/p>\n\n\n\n<p>Te puede interesar:<\/p>\n\n\n\n<p>Trump es diagnosticado con insuficiencia venosa cr\u00f3nica en piernas<\/p>\n\n\n\n<p>flecha derecha<\/p>\n\n\n\n<p>Un informe de The Washington Post tambi\u00e9n destac\u00f3 que Estados Unidos no tiene mecanismos legales para designar grupos terroristas nacionales, y agreg\u00f3 que los expertos expresaron preocupaci\u00f3n de que la medida pudiera usarse para justificar una represi\u00f3n m\u00e1s amplia contra la izquierda pol\u00edtica.<\/p>\n\n\n\n<p>Durante su primer mandato en 2020, Trump tambi\u00e9n anunci\u00f3 que designar\u00eda a Antifa como \u00abuna organizaci\u00f3n terrorista\u00bb, en gran parte como respuesta a las protestas y disturbios nacionales que estallar\u00edan tras el asesinato del afroamericano George Floyd a manos de la polic\u00eda. No se tom\u00f3 ninguna acci\u00f3n concreta.<\/p>\n\n\n\n<p>Trump escribi\u00f3 la \u00faltima orden ejecutiva en medio de un acalorado debate interno sobre la violencia pol\u00edtica tras el asesinato de Charlie Kirk.<\/p>\n\n\n\n<p>En respuesta al argumento de los dem\u00f3cratas de que tanto la izquierda como la derecha participan en la violencia pol\u00edtica, Trump afirm\u00f3 recientemente que \u00abla mayor parte de la violencia proviene de la izquierda\u00bb.<\/p>\n","protected":false},"excerpt":{"rendered":"<p>El presidente de Estados Unidos, Donald Trump, firm\u00f3 una orden ejecutiva que designa a la ideolog\u00eda antifascista (Antifa, como se designa en idioma ingl\u00e9s) como \u00abuna organizaci\u00f3n terrorista dom\u00e9stica\u00bb, pero varios expertos consideran que la decisi\u00f3n carece de autoridad legal. \u00abEl presidente Donald J. Trump tiene raz\u00f3n: el problema de la violencia est\u00e1 en la [&hellip;]<\/p>\n","protected":false},"author":4,"featured_media":68580,"comment_status":"open","ping_status":"open","sticky":false,"template":"","format":"standard","meta":{"om_disable_all_campaigns":false,"_monsterinsights_skip_tracking":false,"_monsterinsights_sitenote_active":false,"_monsterinsights_sitenote_note":"","_monsterinsights_sitenote_category":0,"footnotes":""},"categories":[183],"tags":[],"class_list":["post-68579","post","type-post","status-publish","format-standard","has-post-thumbnail","hentry","category-internacional"],"amp_enabled":true,"_links":{"self":[{"href":"https:\/\/lahora.mx\/index.php\/wp-json\/wp\/v2\/posts\/68579","targetHints":{"allow":["GET"]}}],"collection":[{"href":"https:\/\/lahora.mx\/index.php\/wp-json\/wp\/v2\/posts"}],"about":[{"href":"https:\/\/lahora.mx\/index.php\/wp-json\/wp\/v2\/types\/post"}],"author":[{"embeddable":true,"href":"https:\/\/lahora.mx\/index.php\/wp-json\/wp\/v2\/users\/4"}],"replies":[{"embeddable":true,"href":"https:\/\/lahora.mx\/index.php\/wp-json\/wp\/v2\/comments?post=68579"}],"version-history":[{"count":1,"href":"https:\/\/lahora.mx\/index.php\/wp-json\/wp\/v2\/posts\/68579\/revisions"}],"predecessor-version":[{"id":68581,"href":"https:\/\/lahora.mx\/index.php\/wp-json\/wp\/v2\/posts\/68579\/revisions\/68581"}],"wp:featuredmedia":[{"embeddable":true,"href":"https:\/\/lahora.mx\/index.php\/wp-json\/wp\/v2\/media\/68580"}],"wp:attachment":[{"href":"https:\/\/lahora.mx\/index.php\/wp-json\/wp\/v2\/media?parent=68579"}],"wp:term":[{"taxonomy":"category","embeddable":true,"href":"https:\/\/lahora.mx\/index.php\/wp-json\/wp\/v2\/categories?post=68579"},{"taxonomy":"post_tag","embeddable":true,"href":"https:\/\/lahora.mx\/index.php\/wp-json\/wp\/v2\/tags?post=68579"}],"curies":[{"name":"wp","href":"https:\/\/api.w.org\/{rel}","templated":true}]}}