{"id":68570,"date":"2025-09-23T16:15:15","date_gmt":"2025-09-23T16:15:15","guid":{"rendered":"https:\/\/lahora.mx\/?p=68570"},"modified":"2025-09-23T16:15:16","modified_gmt":"2025-09-23T16:15:16","slug":"muere-mauricio-fernandez-alcalde-de-san-pedro-garza-garcia-de-cancer","status":"publish","type":"post","link":"https:\/\/lahora.mx\/index.php\/2025\/09\/23\/muere-mauricio-fernandez-alcalde-de-san-pedro-garza-garcia-de-cancer\/","title":{"rendered":"Muere Mauricio Fern\u00e1ndez, alcalde de San Pedro Garza Garc\u00eda, de c\u00e1ncer"},"content":{"rendered":"\n<p>Mauricio Fern\u00e1ndez Garza, alcalde con licencia de San Pedro Garza Garc\u00eda, muri\u00f3 este martes a los 75 a\u00f1os de edad, tras una larga lucha contra el c\u00e1ncer.<\/p>\n\n\n\n<p>En semanas recientes, el pol\u00edtico hab\u00eda solicitado licencia al cargo para enfocarse en su tratamiento m\u00e9dico, afectado por un mesotelioma pleural, un tipo de c\u00e1ncer que compromet\u00eda sus pulmones.<\/p>\n\n\n\n<p>Mauricio Fern\u00e1ndez Garza hab\u00eda revelado p\u00fablicamente su estado de salud y su intenci\u00f3n de renunciar de forma definitiva al cargo, cediendo la administraci\u00f3n municipal a su entonces secretario del Ayuntamiento, Mauricio Farah, quien lo suceder\u00eda de manera interina.<\/p>\n\n\n\n<p>\u00abEl c\u00e1ncer est\u00e1 creciendo mucho (\u2026) ya no me voy a tratar\u201d, inform\u00f3 la semana pasada Mauricio Fern\u00e1ndez Garza, tras anunciar su renuncia al cargo.<\/p>\n\n\n\n<p>A lo largo de su carrera, Mauricio Fern\u00e1ndez dej\u00f3 una huella importante en la pol\u00edtica y la cultura de Nuevo Le\u00f3n.<\/p>\n\n\n\n<p>Ocup\u00f3 en cuatro ocasiones la presidencia municipal de San Pedro Garza Garc\u00eda (1989-1991, 2009-2012, 2015-2018 y 2024-2027), adem\u00e1s de ser senador y excandidato a gobernador en 2003 por el Partido Acci\u00f3n Nacional (PAN), donde tambi\u00e9n fue consejero estatal vitalicio.<\/p>\n\n\n\n<p>Fuera del \u00e1mbito pol\u00edtico, tambi\u00e9n fue empresario, coleccionista de arte y un promotor cultural activo. Incluso en sus \u00faltimos meses, se le vio participando en actos p\u00fablicos, aunque con visibles complicaciones de salud.<\/p>\n","protected":false},"excerpt":{"rendered":"<p>Mauricio Fern\u00e1ndez Garza, alcalde con licencia de San Pedro Garza Garc\u00eda, muri\u00f3 este martes a los 75 a\u00f1os de edad, tras una larga lucha contra el c\u00e1ncer. En semanas recientes, el pol\u00edtico hab\u00eda solicitado licencia al cargo para enfocarse en su tratamiento m\u00e9dico, afectado por un mesotelioma pleural, un tipo de c\u00e1ncer que compromet\u00eda sus [&hellip;]<\/p>\n","protected":false},"author":4,"featured_media":68571,"comment_status":"open","ping_status":"open","sticky":false,"template":"","format":"standard","meta":{"om_disable_all_campaigns":false,"_monsterinsights_skip_tracking":false,"_monsterinsights_sitenote_active":false,"_monsterinsights_sitenote_note":"","_monsterinsights_sitenote_category":0,"footnotes":""},"categories":[5],"tags":[],"class_list":["post-68570","post","type-post","status-publish","format-standard","has-post-thumbnail","hentry","category-politica"],"amp_enabled":true,"_links":{"self":[{"href":"https:\/\/lahora.mx\/index.php\/wp-json\/wp\/v2\/posts\/68570","targetHints":{"allow":["GET"]}}],"collection":[{"href":"https:\/\/lahora.mx\/index.php\/wp-json\/wp\/v2\/posts"}],"about":[{"href":"https:\/\/lahora.mx\/index.php\/wp-json\/wp\/v2\/types\/post"}],"author":[{"embeddable":true,"href":"https:\/\/lahora.mx\/index.php\/wp-json\/wp\/v2\/users\/4"}],"replies":[{"embeddable":true,"href":"https:\/\/lahora.mx\/index.php\/wp-json\/wp\/v2\/comments?post=68570"}],"version-history":[{"count":1,"href":"https:\/\/lahora.mx\/index.php\/wp-json\/wp\/v2\/posts\/68570\/revisions"}],"predecessor-version":[{"id":68572,"href":"https:\/\/lahora.mx\/index.php\/wp-json\/wp\/v2\/posts\/68570\/revisions\/68572"}],"wp:featuredmedia":[{"embeddable":true,"href":"https:\/\/lahora.mx\/index.php\/wp-json\/wp\/v2\/media\/68571"}],"wp:attachment":[{"href":"https:\/\/lahora.mx\/index.php\/wp-json\/wp\/v2\/media?parent=68570"}],"wp:term":[{"taxonomy":"category","embeddable":true,"href":"https:\/\/lahora.mx\/index.php\/wp-json\/wp\/v2\/categories?post=68570"},{"taxonomy":"post_tag","embeddable":true,"href":"https:\/\/lahora.mx\/index.php\/wp-json\/wp\/v2\/tags?post=68570"}],"curies":[{"name":"wp","href":"https:\/\/api.w.org\/{rel}","templated":true}]}}