{"id":6853,"date":"2022-05-13T00:08:25","date_gmt":"2022-05-13T00:08:25","guid":{"rendered":"http:\/\/lahora.mx\/?p=6853"},"modified":"2022-05-13T00:08:54","modified_gmt":"2022-05-13T00:08:54","slug":"congreso-iniciara-analisis-para-desprivatizar-el-agua-en-puebla","status":"publish","type":"post","link":"https:\/\/lahora.mx\/index.php\/2022\/05\/13\/congreso-iniciara-analisis-para-desprivatizar-el-agua-en-puebla\/","title":{"rendered":"Congreso iniciar\u00e1 an\u00e1lisis para desprivatizar el agua en Puebla"},"content":{"rendered":"\n<p>El&nbsp;<strong>Congreso de Puebla<\/strong>&nbsp;planea comenzar en el nuevo proceso ordinario de sesiones, el an\u00e1lisis y la discusi\u00f3n para la<strong>&nbsp;desprivatizaci\u00f3n del agua en la capital poblana,<\/strong>&nbsp;que ahora administra la empresa&nbsp;<strong>Agua de Puebla Para Todos.<\/strong><\/p>\n\n\n\n<p>En entrevista, la coordinadora parlamentaria del Partido del Trabajo (PT),&nbsp;<strong>Nora Merino Escamilla,<\/strong>&nbsp;asegur\u00f3 que este a\u00f1o el legislativo local tiene por primera vez un camino jur\u00eddico estable para analizar el t\u00e9rmino del contrato con la empresa que se contrat\u00f3 en la administraci\u00f3n estatal de Rafael Moreno Valle Rosas.<\/p>\n\n\n\n<p>\u201cEra un tema jur\u00eddico porque&nbsp;<strong>era un convenio que se hizo de manera muy amarrada, en donde hab\u00eda una penalizaci\u00f3n por terminar el convenio;<\/strong>&nbsp;era alt\u00edsima e impagable ahora que se ha hecho un camino jur\u00eddico podemos pensar que se va a lograr y estaremos con toda la voluntad y herramientas\u201d, declar\u00f3 la petista.<\/p>\n\n\n\n<p>En los pr\u00f3ximos meses el Congreso deber\u00e1 ser cuidadoso para revisar los fundamentos legales que permitan acabar con la privatizaci\u00f3n y generar herramientas jur\u00eddicas y evite da\u00f1os colaterales como amparos u otros contratos ama\u00f1ados.<\/p>\n\n\n\n<p>Asegur\u00f3 que este proceso podr\u00eda ser avalado este mismo a\u00f1o, pues existe la voluntad de los congresistas para revisar<strong>&nbsp;lo que ha propuesto el gobernador de Puebla, Miguel Barbosa Huerta.<\/strong><\/p>\n\n\n\n<p>El mi\u00e9rcoles 11 de mayo, Barbosa Huerta asegur\u00f3 que desde el gobierno estatal se analiza terminar el contrato con la empresa Agua de Puebla Para Todos y que se permita al Ayuntamiento de Puebla controlar el sistema de agua como se realizaba en administraciones pasadas.<\/p>\n\n\n\n<p>Por su parte, el presidente municipal Eduardo Rivera P\u00e9rez se\u00f1al\u00f3 que deber\u00e1n consensuar la propuesta para conocer el alcance que tendr\u00eda el ayuntamiento para operar el servicio de agua pues hay adeudos que a\u00fan no son resueltos en toda la zona metropolitana del estado.<\/p>\n\n\n\n<p>Por su parte, el presidente de la Junta de Gobierno y Coordinaci\u00f3n Pol\u00edtica (Jugocopo) del Congreso de Puebla festej\u00f3 y respald\u00f3 la iniciativa del mandatario local. Detall\u00f3 que, para llegar a una resoluci\u00f3n, el legislativo tiene que conocer la propuesta y ejercer sus funciones espec\u00edficas para este proceso de desprivatizaci\u00f3n.<\/p>\n\n\n\n<p>\u201cQue sea bienvenido ese punto del gobernador. Hay una responsabilidad por parte de los ayuntamientos que se vinculan con los organismos p\u00fablicos descentralizados del servicio de agua potable\u201d, expuso el morenista.<\/p>\n\n\n\n<p>Consider\u00f3 que entre lo m\u00e1s pol\u00e9mico de esta revisi\u00f3n ser\u00e1 la calidad del servicio de agua, el abastecimiento y la aplicaci\u00f3n de una tarifa justa por el suministro del recurso h\u00eddrico.<\/p>\n\n\n\n<p>Esta iniciativa se retoma dos a\u00f1os despu\u00e9s de que el expresidente del Congreso, Gabriel Biestro Medinilla no logr\u00f3 cumplir con la desprivatizaci\u00f3n del agua como se prometi\u00f3 en la campa\u00f1a se 2018.<\/p>\n","protected":false},"excerpt":{"rendered":"<p>El&nbsp;Congreso de Puebla&nbsp;planea comenzar en el nuevo proceso ordinario de sesiones, el an\u00e1lisis y la discusi\u00f3n para la&nbsp;desprivatizaci\u00f3n del agua en la capital poblana,&nbsp;que ahora administra la empresa&nbsp;Agua de Puebla Para Todos. En entrevista, la coordinadora parlamentaria del Partido del Trabajo (PT),&nbsp;Nora Merino Escamilla,&nbsp;asegur\u00f3 que este a\u00f1o el legislativo local tiene por primera vez un [&hellip;]<\/p>\n","protected":false},"author":4,"featured_media":6854,"comment_status":"open","ping_status":"open","sticky":false,"template":"","format":"standard","meta":{"om_disable_all_campaigns":false,"_monsterinsights_skip_tracking":false,"_monsterinsights_sitenote_active":false,"_monsterinsights_sitenote_note":"","_monsterinsights_sitenote_category":0,"footnotes":""},"categories":[175],"tags":[223],"class_list":["post-6853","post","type-post","status-publish","format-standard","has-post-thumbnail","hentry","category-local","tag-puebla"],"amp_enabled":true,"_links":{"self":[{"href":"https:\/\/lahora.mx\/index.php\/wp-json\/wp\/v2\/posts\/6853","targetHints":{"allow":["GET"]}}],"collection":[{"href":"https:\/\/lahora.mx\/index.php\/wp-json\/wp\/v2\/posts"}],"about":[{"href":"https:\/\/lahora.mx\/index.php\/wp-json\/wp\/v2\/types\/post"}],"author":[{"embeddable":true,"href":"https:\/\/lahora.mx\/index.php\/wp-json\/wp\/v2\/users\/4"}],"replies":[{"embeddable":true,"href":"https:\/\/lahora.mx\/index.php\/wp-json\/wp\/v2\/comments?post=6853"}],"version-history":[{"count":2,"href":"https:\/\/lahora.mx\/index.php\/wp-json\/wp\/v2\/posts\/6853\/revisions"}],"predecessor-version":[{"id":9368,"href":"https:\/\/lahora.mx\/index.php\/wp-json\/wp\/v2\/posts\/6853\/revisions\/9368"}],"wp:featuredmedia":[{"embeddable":true,"href":"https:\/\/lahora.mx\/index.php\/wp-json\/wp\/v2\/media\/6854"}],"wp:attachment":[{"href":"https:\/\/lahora.mx\/index.php\/wp-json\/wp\/v2\/media?parent=6853"}],"wp:term":[{"taxonomy":"category","embeddable":true,"href":"https:\/\/lahora.mx\/index.php\/wp-json\/wp\/v2\/categories?post=6853"},{"taxonomy":"post_tag","embeddable":true,"href":"https:\/\/lahora.mx\/index.php\/wp-json\/wp\/v2\/tags?post=6853"}],"curies":[{"name":"wp","href":"https:\/\/api.w.org\/{rel}","templated":true}]}}