{"id":68502,"date":"2025-09-22T16:16:17","date_gmt":"2025-09-22T16:16:17","guid":{"rendered":"https:\/\/lahora.mx\/?p=68502"},"modified":"2025-09-22T16:16:17","modified_gmt":"2025-09-22T16:16:17","slug":"detienen-ssp-y-semar-a-dos-asaltantes-de-casa-habitacion-en-juan-c-bonilla","status":"publish","type":"post","link":"https:\/\/lahora.mx\/index.php\/2025\/09\/22\/detienen-ssp-y-semar-a-dos-asaltantes-de-casa-habitacion-en-juan-c-bonilla\/","title":{"rendered":"Detienen SSP y SEMAR a dos asaltantes de casa habitaci\u00f3n en Juan C. Bonilla"},"content":{"rendered":"\n<p>En una acci\u00f3n contundente contra la delincuencia, la Secretar\u00eda de Seguridad P\u00fablica (SSP) y la Secretar\u00eda de Marina (SEMAR) detuvieron a dos presuntos integrantes de una c\u00e9lula delictiva dedicada al robo a casa habitaci\u00f3n con violencia, los cuales operaban en Puebla y Veracruz.<\/p>\n\n\n\n<p>La oportuna intervenci\u00f3n de las fuerzas federales y estatales permiti\u00f3 detener a Sergio N., de 34 a\u00f1os y Enrique N., de 48 a\u00f1os, en la localidad de Santa Mar\u00eda Zacatepec, del municipio de Juan C. Bonilla.<br><br>Durante esta acci\u00f3n, la SSP y la SEMAR aseguraron dos armas de fuego, 20 cartuchos \u00fatiles, dinero en efectivo, posible droga y una camioneta con placas de circulaci\u00f3n del estado de Veracruz.<\/p>\n\n\n\n<p>Con base en la informaci\u00f3n obtenida a trav\u00e9s de la red de videovigilancia conectada al C5i, la unidad mencionada tambi\u00e9n estar\u00eda relacionada en la comisi\u00f3n de diversos delitos. Asimismo, se tom\u00f3 conocimiento que los ahora detenidos operaban en San Mart\u00edn Texmelucan, Tepeaca, San Andr\u00e9s Cholula y en el estado de Veracruz.<\/p>\n","protected":false},"excerpt":{"rendered":"<p>En una acci\u00f3n contundente contra la delincuencia, la Secretar\u00eda de Seguridad P\u00fablica (SSP) y la Secretar\u00eda de Marina (SEMAR) detuvieron a dos presuntos integrantes de una c\u00e9lula delictiva dedicada al robo a casa habitaci\u00f3n con violencia, los cuales operaban en Puebla y Veracruz. La oportuna intervenci\u00f3n de las fuerzas federales y estatales permiti\u00f3 detener a [&hellip;]<\/p>\n","protected":false},"author":4,"featured_media":68503,"comment_status":"open","ping_status":"open","sticky":false,"template":"","format":"standard","meta":{"om_disable_all_campaigns":false,"_monsterinsights_skip_tracking":false,"_monsterinsights_sitenote_active":false,"_monsterinsights_sitenote_note":"","_monsterinsights_sitenote_category":0,"footnotes":""},"categories":[226],"tags":[],"class_list":["post-68502","post","type-post","status-publish","format-standard","has-post-thumbnail","hentry","category-policia"],"amp_enabled":true,"_links":{"self":[{"href":"https:\/\/lahora.mx\/index.php\/wp-json\/wp\/v2\/posts\/68502","targetHints":{"allow":["GET"]}}],"collection":[{"href":"https:\/\/lahora.mx\/index.php\/wp-json\/wp\/v2\/posts"}],"about":[{"href":"https:\/\/lahora.mx\/index.php\/wp-json\/wp\/v2\/types\/post"}],"author":[{"embeddable":true,"href":"https:\/\/lahora.mx\/index.php\/wp-json\/wp\/v2\/users\/4"}],"replies":[{"embeddable":true,"href":"https:\/\/lahora.mx\/index.php\/wp-json\/wp\/v2\/comments?post=68502"}],"version-history":[{"count":1,"href":"https:\/\/lahora.mx\/index.php\/wp-json\/wp\/v2\/posts\/68502\/revisions"}],"predecessor-version":[{"id":68504,"href":"https:\/\/lahora.mx\/index.php\/wp-json\/wp\/v2\/posts\/68502\/revisions\/68504"}],"wp:featuredmedia":[{"embeddable":true,"href":"https:\/\/lahora.mx\/index.php\/wp-json\/wp\/v2\/media\/68503"}],"wp:attachment":[{"href":"https:\/\/lahora.mx\/index.php\/wp-json\/wp\/v2\/media?parent=68502"}],"wp:term":[{"taxonomy":"category","embeddable":true,"href":"https:\/\/lahora.mx\/index.php\/wp-json\/wp\/v2\/categories?post=68502"},{"taxonomy":"post_tag","embeddable":true,"href":"https:\/\/lahora.mx\/index.php\/wp-json\/wp\/v2\/tags?post=68502"}],"curies":[{"name":"wp","href":"https:\/\/api.w.org\/{rel}","templated":true}]}}