{"id":68493,"date":"2025-09-22T16:06:31","date_gmt":"2025-09-22T16:06:31","guid":{"rendered":"https:\/\/lahora.mx\/?p=68493"},"modified":"2025-09-22T16:06:32","modified_gmt":"2025-09-22T16:06:32","slug":"se-registra-aparatoso-choque-sobre-11-sur-y-bulevar-las-torres","status":"publish","type":"post","link":"https:\/\/lahora.mx\/index.php\/2025\/09\/22\/se-registra-aparatoso-choque-sobre-11-sur-y-bulevar-las-torres\/","title":{"rendered":"Se registra aparatoso choque sobre 11 sur y bulevar Las Torres"},"content":{"rendered":"\n<p>Un fuerte choque se registr\u00f3 la ma\u00f1ana de este lunes sobre la 11 sur a la altura de Avenida Las Torres, situaci\u00f3n que genera una fuerte movilizaci\u00f3n de elementos de seguridad y tr\u00e1fico intenso en la zona.<\/p>\n\n\n\n<p>Los hechos se presentaron alrededor de las 08:45 am, luego de que el conductor de una unidad tipo Volkswagen dio una vuelta prohibida sobre el carril del metrob\u00fas, cuando una unidad, la cual era manejada por una mujer circulaba en el lugar y fue impactada.<br><br>La unidad que provoc\u00f3 el accidente qued\u00f3 en el carril central del bulevar mientras que la otra unidad qued\u00f3 completamente deshecha por la parte de enfrente.<\/p>\n\n\n\n<p>En el lugar de los hechos resultaron tres personas heridas quienes fueron atendidas por param\u00e9dicos que llegaron al lugar, mientras que elementos de tr\u00e1nsito municipal abanderaron la zona del percance.<\/p>\n\n\n\n<p>El accidente gener\u00f3 tr\u00e1fico intenso en la zona, adem\u00e1s de largas filas de carros debido a que s\u00f3lo estaba habilitado un carril.<\/p>\n","protected":false},"excerpt":{"rendered":"<p>Un fuerte choque se registr\u00f3 la ma\u00f1ana de este lunes sobre la 11 sur a la altura de Avenida Las Torres, situaci\u00f3n que genera una fuerte movilizaci\u00f3n de elementos de seguridad y tr\u00e1fico intenso en la zona. Los hechos se presentaron alrededor de las 08:45 am, luego de que el conductor de una unidad tipo [&hellip;]<\/p>\n","protected":false},"author":4,"featured_media":68494,"comment_status":"open","ping_status":"open","sticky":false,"template":"","format":"standard","meta":{"om_disable_all_campaigns":false,"_monsterinsights_skip_tracking":false,"_monsterinsights_sitenote_active":false,"_monsterinsights_sitenote_note":"","_monsterinsights_sitenote_category":0,"footnotes":""},"categories":[175,226],"tags":[],"class_list":["post-68493","post","type-post","status-publish","format-standard","has-post-thumbnail","hentry","category-local","category-policia"],"amp_enabled":true,"_links":{"self":[{"href":"https:\/\/lahora.mx\/index.php\/wp-json\/wp\/v2\/posts\/68493","targetHints":{"allow":["GET"]}}],"collection":[{"href":"https:\/\/lahora.mx\/index.php\/wp-json\/wp\/v2\/posts"}],"about":[{"href":"https:\/\/lahora.mx\/index.php\/wp-json\/wp\/v2\/types\/post"}],"author":[{"embeddable":true,"href":"https:\/\/lahora.mx\/index.php\/wp-json\/wp\/v2\/users\/4"}],"replies":[{"embeddable":true,"href":"https:\/\/lahora.mx\/index.php\/wp-json\/wp\/v2\/comments?post=68493"}],"version-history":[{"count":1,"href":"https:\/\/lahora.mx\/index.php\/wp-json\/wp\/v2\/posts\/68493\/revisions"}],"predecessor-version":[{"id":68495,"href":"https:\/\/lahora.mx\/index.php\/wp-json\/wp\/v2\/posts\/68493\/revisions\/68495"}],"wp:featuredmedia":[{"embeddable":true,"href":"https:\/\/lahora.mx\/index.php\/wp-json\/wp\/v2\/media\/68494"}],"wp:attachment":[{"href":"https:\/\/lahora.mx\/index.php\/wp-json\/wp\/v2\/media?parent=68493"}],"wp:term":[{"taxonomy":"category","embeddable":true,"href":"https:\/\/lahora.mx\/index.php\/wp-json\/wp\/v2\/categories?post=68493"},{"taxonomy":"post_tag","embeddable":true,"href":"https:\/\/lahora.mx\/index.php\/wp-json\/wp\/v2\/tags?post=68493"}],"curies":[{"name":"wp","href":"https:\/\/api.w.org\/{rel}","templated":true}]}}