{"id":68481,"date":"2025-09-21T21:53:16","date_gmt":"2025-09-21T21:53:16","guid":{"rendered":"https:\/\/lahora.mx\/?p=68481"},"modified":"2025-09-21T21:53:17","modified_gmt":"2025-09-21T21:53:17","slug":"sedif-da-paso-historico-en-el-cuidado-de-la-salud-mental-de-ninas-ninos-y-adolescentes","status":"publish","type":"post","link":"https:\/\/lahora.mx\/index.php\/2025\/09\/21\/sedif-da-paso-historico-en-el-cuidado-de-la-salud-mental-de-ninas-ninos-y-adolescentes\/","title":{"rendered":"SEDIF da paso hist\u00f3rico en el cuidado de la salud mental de ni\u00f1as, ni\u00f1os y adolescentes"},"content":{"rendered":"\n<p>Ante la necesidad de contar con un lugar que atienda la ansiedad, depresi\u00f3n y cualquier trastorno mental en ni\u00f1as, ni\u00f1os y adolescentes, el Gobierno del Estado de Puebla, encabezado por Alejandro Armenta, apertura el Centro Poblano de Salud Mental Integral (CEPOSAMI), el cu\u00e1l es \u00fanico en el pa\u00eds y posee un modelo digno de replicarse a nivel nacional, pues atender\u00e1 la enfermedad desde las causas y su entorno psicosocial; adem\u00e1s, cuenta con tecnolog\u00eda de punta.<\/p>\n\n\n\n<p>Este centro naci\u00f3 desde el coraz\u00f3n de la presidenta del Patronato del Sistema Estatal DIF (SEDIF), Ceci Arellano, toda vez que desde la pandemia, el uso indiscriminado de dispositivos m\u00f3viles, as\u00ed como de una alimentaci\u00f3n elevada en edulcorantes, hacen necesaria la creaci\u00f3n de estos espacios, para atender los padecimientos que se agudizaron por esos factores.<\/p>\n\n\n\n<p>El CEPOSAMI forma parte de uno de los compromisos desde el primer d\u00eda de la administraci\u00f3n estatal, por lo que hoy es una realidad y est\u00e1 a disponibilidad de las familias poblanas para sus hijas e hijos, hasta los 17 a\u00f1os 11 meses.<\/p>\n\n\n\n<p>El director general del SEDIF, Juan Carlos Valdez Zayas expres\u00f3 que con este centro se materializa un sue\u00f1o de la presidenta del Patronato, Ceci Arellano, que beneficiar\u00e1 a las y los menores que requieren atenci\u00f3n en salud mental.<\/p>\n\n\n\n<p>Se estima que beneficie a 1 mill\u00f3n 542 mil 232 personas. La Obra tuvo una inversi\u00f3n superior a los 44 millones de pesos, se realiz\u00f3 entre el 25 de febrero de 2025 al 06 de septiembre y se intervinieron 2 mil 671.09 metros cuadrados, por lo que est\u00e1 la altura de cualquier instituci\u00f3n privada de primer nivel, se atender\u00e1 de manera gratuita a la poblaci\u00f3n m\u00e1s vulnerable y sin derechohabiencia.<\/p>\n\n\n\n<p>El CEPOSAMI es un modelo de atenci\u00f3n integral que busca la soluci\u00f3n de ra\u00edz, no se limita a tratar los s\u00edntomas, analiza el contexto que incluye a la familia, la escuela y la comunidad. Atiende trastornos psicoafectivos, del neurodesarrollo y conductuales de ni\u00f1as, ni\u00f1os y adolescentes.<\/p>\n\n\n\n<p>Adem\u00e1s, combina atenci\u00f3n cl\u00ednica especializada con un enfoque sist\u00e9mico que busca reducir la necesidad de medicaci\u00f3n al fortalecer las redes de apoyo, v\u00ednculos familiares y factores protectores.<\/p>\n\n\n\n<p>En un mismo espacio trabaja un equipo multidisciplinario en psicolog\u00eda cl\u00ednica, psiquiatr\u00eda infantil, neuropsicolog\u00eda, endocrinolog\u00eda, ginecolog\u00eda, nutrici\u00f3n, trabajo social y diversas terapias.<\/p>\n","protected":false},"excerpt":{"rendered":"<p>Ante la necesidad de contar con un lugar que atienda la ansiedad, depresi\u00f3n y cualquier trastorno mental en ni\u00f1as, ni\u00f1os y adolescentes, el Gobierno del Estado de Puebla, encabezado por Alejandro Armenta, apertura el Centro Poblano de Salud Mental Integral (CEPOSAMI), el cu\u00e1l es \u00fanico en el pa\u00eds y posee un modelo digno de replicarse [&hellip;]<\/p>\n","protected":false},"author":4,"featured_media":68482,"comment_status":"open","ping_status":"open","sticky":false,"template":"","format":"standard","meta":{"om_disable_all_campaigns":false,"_monsterinsights_skip_tracking":false,"_monsterinsights_sitenote_active":false,"_monsterinsights_sitenote_note":"","_monsterinsights_sitenote_category":0,"footnotes":""},"categories":[175],"tags":[239,223],"class_list":["post-68481","post","type-post","status-publish","format-standard","has-post-thumbnail","hentry","category-local","tag-gobierno","tag-puebla"],"amp_enabled":true,"_links":{"self":[{"href":"https:\/\/lahora.mx\/index.php\/wp-json\/wp\/v2\/posts\/68481","targetHints":{"allow":["GET"]}}],"collection":[{"href":"https:\/\/lahora.mx\/index.php\/wp-json\/wp\/v2\/posts"}],"about":[{"href":"https:\/\/lahora.mx\/index.php\/wp-json\/wp\/v2\/types\/post"}],"author":[{"embeddable":true,"href":"https:\/\/lahora.mx\/index.php\/wp-json\/wp\/v2\/users\/4"}],"replies":[{"embeddable":true,"href":"https:\/\/lahora.mx\/index.php\/wp-json\/wp\/v2\/comments?post=68481"}],"version-history":[{"count":1,"href":"https:\/\/lahora.mx\/index.php\/wp-json\/wp\/v2\/posts\/68481\/revisions"}],"predecessor-version":[{"id":68483,"href":"https:\/\/lahora.mx\/index.php\/wp-json\/wp\/v2\/posts\/68481\/revisions\/68483"}],"wp:featuredmedia":[{"embeddable":true,"href":"https:\/\/lahora.mx\/index.php\/wp-json\/wp\/v2\/media\/68482"}],"wp:attachment":[{"href":"https:\/\/lahora.mx\/index.php\/wp-json\/wp\/v2\/media?parent=68481"}],"wp:term":[{"taxonomy":"category","embeddable":true,"href":"https:\/\/lahora.mx\/index.php\/wp-json\/wp\/v2\/categories?post=68481"},{"taxonomy":"post_tag","embeddable":true,"href":"https:\/\/lahora.mx\/index.php\/wp-json\/wp\/v2\/tags?post=68481"}],"curies":[{"name":"wp","href":"https:\/\/api.w.org\/{rel}","templated":true}]}}