{"id":68448,"date":"2025-09-21T16:49:57","date_gmt":"2025-09-21T16:49:57","guid":{"rendered":"https:\/\/lahora.mx\/?p=68448"},"modified":"2025-09-21T16:49:57","modified_gmt":"2025-09-21T16:49:57","slug":"donald-trump-amenaza-a-afganistan-por-control-de-base-aerea-de-bagram","status":"publish","type":"post","link":"https:\/\/lahora.mx\/index.php\/2025\/09\/21\/donald-trump-amenaza-a-afganistan-por-control-de-base-aerea-de-bagram\/","title":{"rendered":"Donald Trump amenaza a Afganist\u00e1n por control de base a\u00e9rea de Bagram"},"content":{"rendered":"\n<p>El presidente de Estados Unidos, Donald Trump, amenaz\u00f3 ayer a Afganist\u00e1n con que ocurrir\u00e1n \u00abcosas malas\u00bb si no \u00abdevuelve la base a\u00e9rea de Bagram\u00bb.<\/p>\n\n\n\n<p>\u00abSi Afganist\u00e1n no devuelve la base a\u00e9rea de Bagram a aquellos que la construyeron, Estados Unidos de Am\u00e9rica, \u00a1\u00a1\u00a1VAN A SUCEDER COSAS MALAS!!!\u00bb, escribi\u00f3 el presidente en su cuenta de Truth Social.<\/p>\n\n\n\n<p>Situada a unos 50 kil\u00f3metros al norte de Kabul, la base a\u00e9rea de Bagram fue el centro de las operaciones de EU y la OTAN durante la guerra de dos d\u00e9cadas en Afganist\u00e1n. La retirada de las fuerzas estadounidenses en 2021 result\u00f3 en la toma de control de la base por parte de los talibanes.<\/p>\n\n\n\n<p>Durante su reciente visita a Reino Unido, Donald Trump dijo que Estados Unidos est\u00e1 \u00abintentando recuperarla\u00bb. Las declaraciones han atra\u00eddo una amplia atenci\u00f3n y han suscitado especulaciones sobre si Estados Unidos tiene la intenci\u00f3n de volver a desplegar tropas en Afganist\u00e1n.<\/p>\n\n\n\n<p>Ayer, Donald Trump dijo a los reporteros en la Casa Blanca que Estados Unidos est\u00e1 en conversaciones con Afganist\u00e1n sobre la recuperaci\u00f3n del control de la base a\u00e9rea, afirmando que \u00abla queremos de vuelta, y la queremos de vuelta pronto, de inmediato\u00bb.<\/p>\n\n\n\n<p>\u00abSi no lo hacen, van a descubrir lo que voy a hacer\u00bb, dijo Donald Trump.<\/p>\n\n\n\n<p>Gobierno afgano rechaza amenazas de EU sobre Bagram<br>El gobierno afgano rechaz\u00f3 firmemente los recientes llamamientos de Estados Unidos para recuperar la base a\u00e9rea de Bagram, reafirmando su compromiso inquebrantable con la soberan\u00eda nacional e instando a Washington a honrar la promesa del Acuerdo de Doha de 2020 contra la interferencia militar, seg\u00fan un comunicado emitido el domingo.<\/p>\n\n\n\n<p>\u00abDe acuerdo con los principios isl\u00e1micos y basado en su pol\u00edtica exterior equilibrada y orientada a la econom\u00eda, el Emirato Isl\u00e1mico de Afganist\u00e1n busca relaciones constructivas con todos los estados basadas en intereses mutuos y compartidos\u00bb, dijo el portavoz adjunto de la Administraci\u00f3n, Hamdullah Fitrat, en un comunicado publicado en su cuenta de la red social X.<\/p>\n\n\n\n<p>La declaraci\u00f3n destaca que la independencia y la integridad territorial de Afganist\u00e1n siguen siendo primordiales en todos los compromisos bilaterales, particularmente con Estados Unidos.<\/p>\n\n\n\n<p>\u201cDebe recordarse que, en virtud del Acuerdo de Doha, Estados Unidos se comprometi\u00f3 a que &#8216;no usar\u00e1 ni amenazar\u00e1 con la fuerza contra la integridad territorial o la independencia pol\u00edtica de Afganist\u00e1n, ni interferir\u00e1 en sus asuntos internos'\u00bb, reza el texto.<\/p>\n\n\n\n<p>El Gobierno afgano pide a Washington que cumpla con estos compromisos.<\/p>\n\n\n\n<p>La respuesta sigue a las declaraciones del presidente estadounidense Donald Trump en Londres el jueves, donde expres\u00f3 su intenci\u00f3n de \u00abrecuperar\u00bb la base a\u00e9rea de Bagram.<\/p>\n\n\n\n<p>Los funcionarios afganos condenaron r\u00e1pidamente los comentarios. El mul\u00e1 Tajmir Jawad, primer adjunto de la Direcci\u00f3n General de Inteligencia, respondi\u00f3 a los llamamientos de Estados Unidos para recuperar el aer\u00f3dromo estrat\u00e9gico diciendo que el Gobierno afgano preservar\u00eda el sistema actual.<\/p>\n\n\n\n<p>La Base A\u00e9rea de Bagram, situada a unos 50 kil\u00f3metros al norte de Kabul, sirvi\u00f3 como epicentro de las operaciones de Estados Unidos y la OTAN durante la guerra que dur\u00f3 dos d\u00e9cadas. (<\/p>\n","protected":false},"excerpt":{"rendered":"<p>El presidente de Estados Unidos, Donald Trump, amenaz\u00f3 ayer a Afganist\u00e1n con que ocurrir\u00e1n \u00abcosas malas\u00bb si no \u00abdevuelve la base a\u00e9rea de Bagram\u00bb. \u00abSi Afganist\u00e1n no devuelve la base a\u00e9rea de Bagram a aquellos que la construyeron, Estados Unidos de Am\u00e9rica, \u00a1\u00a1\u00a1VAN A SUCEDER COSAS MALAS!!!\u00bb, escribi\u00f3 el presidente en su cuenta de Truth [&hellip;]<\/p>\n","protected":false},"author":4,"featured_media":68449,"comment_status":"open","ping_status":"open","sticky":false,"template":"","format":"standard","meta":{"om_disable_all_campaigns":false,"_monsterinsights_skip_tracking":false,"_monsterinsights_sitenote_active":false,"_monsterinsights_sitenote_note":"","_monsterinsights_sitenote_category":0,"footnotes":""},"categories":[183],"tags":[],"class_list":["post-68448","post","type-post","status-publish","format-standard","has-post-thumbnail","hentry","category-internacional"],"amp_enabled":true,"_links":{"self":[{"href":"https:\/\/lahora.mx\/index.php\/wp-json\/wp\/v2\/posts\/68448","targetHints":{"allow":["GET"]}}],"collection":[{"href":"https:\/\/lahora.mx\/index.php\/wp-json\/wp\/v2\/posts"}],"about":[{"href":"https:\/\/lahora.mx\/index.php\/wp-json\/wp\/v2\/types\/post"}],"author":[{"embeddable":true,"href":"https:\/\/lahora.mx\/index.php\/wp-json\/wp\/v2\/users\/4"}],"replies":[{"embeddable":true,"href":"https:\/\/lahora.mx\/index.php\/wp-json\/wp\/v2\/comments?post=68448"}],"version-history":[{"count":1,"href":"https:\/\/lahora.mx\/index.php\/wp-json\/wp\/v2\/posts\/68448\/revisions"}],"predecessor-version":[{"id":68450,"href":"https:\/\/lahora.mx\/index.php\/wp-json\/wp\/v2\/posts\/68448\/revisions\/68450"}],"wp:featuredmedia":[{"embeddable":true,"href":"https:\/\/lahora.mx\/index.php\/wp-json\/wp\/v2\/media\/68449"}],"wp:attachment":[{"href":"https:\/\/lahora.mx\/index.php\/wp-json\/wp\/v2\/media?parent=68448"}],"wp:term":[{"taxonomy":"category","embeddable":true,"href":"https:\/\/lahora.mx\/index.php\/wp-json\/wp\/v2\/categories?post=68448"},{"taxonomy":"post_tag","embeddable":true,"href":"https:\/\/lahora.mx\/index.php\/wp-json\/wp\/v2\/tags?post=68448"}],"curies":[{"name":"wp","href":"https:\/\/api.w.org\/{rel}","templated":true}]}}