{"id":68445,"date":"2025-09-20T19:30:05","date_gmt":"2025-09-20T19:30:05","guid":{"rendered":"https:\/\/lahora.mx\/?p=68445"},"modified":"2025-09-20T19:30:07","modified_gmt":"2025-09-20T19:30:07","slug":"exito-total-la-feria-patronal-de-huejotzingo-roberto-solis-encabeza-concierto-de-plastilina-mosh","status":"publish","type":"post","link":"https:\/\/lahora.mx\/index.php\/2025\/09\/20\/exito-total-la-feria-patronal-de-huejotzingo-roberto-solis-encabeza-concierto-de-plastilina-mosh\/","title":{"rendered":"\u00c9xito total la Feria Patronal de Huejotzingo: Roberto Sol\u00eds encabeza concierto de Plastilina Mosh"},"content":{"rendered":"\n<p>Con un lleno total, la Plaza Fray Juan de Alameda vibr\u00f3 con un evento hist\u00f3rico para el municipio con la presentaci\u00f3n de Plastilina Mosh, quienes ofrecieron un espect\u00e1culo inolvidable en el marco de la Feria Patronal de Huejotzingo 2025.<\/p>\n\n\n\n<p>El Presidente Municipal de Huejotzingo, Roberto Sol\u00eds Valles, acompa\u00f1ado de la Presidenta Honoraria del DIF Municipal, Shamy Spezia, encabez\u00f3 este magno concierto organizado por la actual administraci\u00f3n, reafirmando su compromiso de acercar a las familias huejotzingas espect\u00e1culos culturales y de entretenimiento de talla nacional.<\/p>\n\n\n\n<p>Durante la velada, miles de asistentes disfrutaron del estilo \u00fanico y la energ\u00eda de la banda regiomontana, en un ambiente seguro, familiar y lleno de orgullo comunitario, que adem\u00e1s gener\u00f3 una importante derrama econ\u00f3mica en el municipio.<\/p>\n\n\n\n<p>Plastilina Mosh hizo cantar a visitantes y turistas con \u00e9xitos como: Mr. P. Mosh, Pervert Pop Song, entre otros que hicieron vibrar a todas las generaciones.<\/p>\n\n\n\n<p>Adem\u00e1s previo y despu\u00e9s a este concierto, por parte del gremio de Tablajeros, se realizaron dos serenatas encabezadas por: Giovanni Dom\u00ednguez con Klase y Pepe Morf\u00edn, el \u00daltimo Gran Macho.<\/p>\n\n\n\n<p>El Gobierno Municipal destaca que con este tipo de actividades no solo se fortalecen la identidad y la uni\u00f3n de la comunidad, sino que tambi\u00e9n posicionan a Huejotzingo como un referente cultural y tur\u00edstico en la regi\u00f3n<\/p>\n","protected":false},"excerpt":{"rendered":"<p>Con un lleno total, la Plaza Fray Juan de Alameda vibr\u00f3 con un evento hist\u00f3rico para el municipio con la presentaci\u00f3n de Plastilina Mosh, quienes ofrecieron un espect\u00e1culo inolvidable en el marco de la Feria Patronal de Huejotzingo 2025. El Presidente Municipal de Huejotzingo, Roberto Sol\u00eds Valles, acompa\u00f1ado de la Presidenta Honoraria del DIF Municipal, [&hellip;]<\/p>\n","protected":false},"author":4,"featured_media":68446,"comment_status":"open","ping_status":"open","sticky":false,"template":"","format":"standard","meta":{"om_disable_all_campaigns":false,"_monsterinsights_skip_tracking":false,"_monsterinsights_sitenote_active":false,"_monsterinsights_sitenote_note":"","_monsterinsights_sitenote_category":0,"footnotes":""},"categories":[5],"tags":[],"class_list":["post-68445","post","type-post","status-publish","format-standard","has-post-thumbnail","hentry","category-politica"],"amp_enabled":true,"_links":{"self":[{"href":"https:\/\/lahora.mx\/index.php\/wp-json\/wp\/v2\/posts\/68445","targetHints":{"allow":["GET"]}}],"collection":[{"href":"https:\/\/lahora.mx\/index.php\/wp-json\/wp\/v2\/posts"}],"about":[{"href":"https:\/\/lahora.mx\/index.php\/wp-json\/wp\/v2\/types\/post"}],"author":[{"embeddable":true,"href":"https:\/\/lahora.mx\/index.php\/wp-json\/wp\/v2\/users\/4"}],"replies":[{"embeddable":true,"href":"https:\/\/lahora.mx\/index.php\/wp-json\/wp\/v2\/comments?post=68445"}],"version-history":[{"count":1,"href":"https:\/\/lahora.mx\/index.php\/wp-json\/wp\/v2\/posts\/68445\/revisions"}],"predecessor-version":[{"id":68447,"href":"https:\/\/lahora.mx\/index.php\/wp-json\/wp\/v2\/posts\/68445\/revisions\/68447"}],"wp:featuredmedia":[{"embeddable":true,"href":"https:\/\/lahora.mx\/index.php\/wp-json\/wp\/v2\/media\/68446"}],"wp:attachment":[{"href":"https:\/\/lahora.mx\/index.php\/wp-json\/wp\/v2\/media?parent=68445"}],"wp:term":[{"taxonomy":"category","embeddable":true,"href":"https:\/\/lahora.mx\/index.php\/wp-json\/wp\/v2\/categories?post=68445"},{"taxonomy":"post_tag","embeddable":true,"href":"https:\/\/lahora.mx\/index.php\/wp-json\/wp\/v2\/tags?post=68445"}],"curies":[{"name":"wp","href":"https:\/\/api.w.org\/{rel}","templated":true}]}}