{"id":68429,"date":"2025-09-20T01:50:00","date_gmt":"2025-09-20T01:50:00","guid":{"rendered":"https:\/\/lahora.mx\/?p=68429"},"modified":"2025-09-20T01:50:01","modified_gmt":"2025-09-20T01:50:01","slug":"pan-exige-que-adan-augusto-declare-tras-arribo-de-bermudez-requena-a-mexico","status":"publish","type":"post","link":"https:\/\/lahora.mx\/index.php\/2025\/09\/20\/pan-exige-que-adan-augusto-declare-tras-arribo-de-bermudez-requena-a-mexico\/","title":{"rendered":"PAN exige que Ad\u00e1n Augusto declare tras arribo de Berm\u00fadez Requena a M\u00e9xico"},"content":{"rendered":"\n<p>El diputado panista Federico D\u00f6ring exigi\u00f3 que el senador morenista Ad\u00e1n Augusto L\u00f3pez comparezca ante las autoridades, luego del traslado a territorio nacional del exsecretario de Seguridad de Tabasco, Hern\u00e1n Berm\u00fadez Requena.<\/p>\n\n\n\n<p>Mediante un comunicado, D\u00f6ring se\u00f1al\u00f3 que diversos testigos protegidos han declarado que Berm\u00fadez Requena actuaba bajo \u00f3rdenes directas de L\u00f3pez Hern\u00e1ndez, lo cual, seg\u00fan el legislador, demuestra que el operativo conocido como \u201cLa Barredora\u201d no fue un hecho aislado, sino parte de una estructura delictiva respaldada desde altos niveles del poder pol\u00edtico.<\/p>\n\n\n\n<p>El diputado tambi\u00e9n indic\u00f3 que, de acuerdo con dichos testimonios, las acciones il\u00edcitas de ambos personajes no se limitaron al actual sexenio, sino que se remontan al proceso electoral de 2018 en Tabasco. Afirm\u00f3 que los primeros delitos cometidos por Berm\u00fadez tuvieron como objetivo favorecer la candidatura de Ad\u00e1n Augusto para la gubernatura del estado.<\/p>\n\n\n\n<p>D\u00f6ring sostuvo que la llegada de Berm\u00fadez a M\u00e9xico invalida el argumento sostenido por el fiscal Alejandro Gertz Manero, quien hab\u00eda asegurado que no se pod\u00eda llamar a declarar al exsecretario de Gobernaci\u00f3n sin un testimonio directo de su colaborador. \u201cEse testimonio ya existe\u201d, subray\u00f3.<\/p>\n\n\n\n<p>En su declaraci\u00f3n, el legislador enfatiz\u00f3 que la justicia no puede estar sujeta a intereses pol\u00edticos, conveniencias partidistas ni complicidades. Agreg\u00f3 que cada d\u00eda que pasa sin acciones legales contra Ad\u00e1n Augusto representa un d\u00eda m\u00e1s de impunidad y de respaldo del Estado a quienes traicionaron la voluntad ciudadana expresada en las urnas.<\/p>\n\n\n\n<p>Finalmente, D\u00f6ring inst\u00f3 al fiscal Gertz y a la presidenta de la C\u00e1mara de Diputados a cesar el encubrimiento y a actuar conforme a su responsabilidad hist\u00f3rica. \u201cLa justicia no puede detenerse frente a la puerta de los aliados pol\u00edticos\u201d, concluy\u00f3.<\/p>\n","protected":false},"excerpt":{"rendered":"<p>El diputado panista Federico D\u00f6ring exigi\u00f3 que el senador morenista Ad\u00e1n Augusto L\u00f3pez comparezca ante las autoridades, luego del traslado a territorio nacional del exsecretario de Seguridad de Tabasco, Hern\u00e1n Berm\u00fadez Requena. Mediante un comunicado, D\u00f6ring se\u00f1al\u00f3 que diversos testigos protegidos han declarado que Berm\u00fadez Requena actuaba bajo \u00f3rdenes directas de L\u00f3pez Hern\u00e1ndez, lo cual, [&hellip;]<\/p>\n","protected":false},"author":4,"featured_media":68430,"comment_status":"open","ping_status":"open","sticky":false,"template":"","format":"standard","meta":{"om_disable_all_campaigns":false,"_monsterinsights_skip_tracking":false,"_monsterinsights_sitenote_active":false,"_monsterinsights_sitenote_note":"","_monsterinsights_sitenote_category":0,"footnotes":""},"categories":[5],"tags":[],"class_list":["post-68429","post","type-post","status-publish","format-standard","has-post-thumbnail","hentry","category-politica"],"amp_enabled":true,"_links":{"self":[{"href":"https:\/\/lahora.mx\/index.php\/wp-json\/wp\/v2\/posts\/68429","targetHints":{"allow":["GET"]}}],"collection":[{"href":"https:\/\/lahora.mx\/index.php\/wp-json\/wp\/v2\/posts"}],"about":[{"href":"https:\/\/lahora.mx\/index.php\/wp-json\/wp\/v2\/types\/post"}],"author":[{"embeddable":true,"href":"https:\/\/lahora.mx\/index.php\/wp-json\/wp\/v2\/users\/4"}],"replies":[{"embeddable":true,"href":"https:\/\/lahora.mx\/index.php\/wp-json\/wp\/v2\/comments?post=68429"}],"version-history":[{"count":1,"href":"https:\/\/lahora.mx\/index.php\/wp-json\/wp\/v2\/posts\/68429\/revisions"}],"predecessor-version":[{"id":68431,"href":"https:\/\/lahora.mx\/index.php\/wp-json\/wp\/v2\/posts\/68429\/revisions\/68431"}],"wp:featuredmedia":[{"embeddable":true,"href":"https:\/\/lahora.mx\/index.php\/wp-json\/wp\/v2\/media\/68430"}],"wp:attachment":[{"href":"https:\/\/lahora.mx\/index.php\/wp-json\/wp\/v2\/media?parent=68429"}],"wp:term":[{"taxonomy":"category","embeddable":true,"href":"https:\/\/lahora.mx\/index.php\/wp-json\/wp\/v2\/categories?post=68429"},{"taxonomy":"post_tag","embeddable":true,"href":"https:\/\/lahora.mx\/index.php\/wp-json\/wp\/v2\/tags?post=68429"}],"curies":[{"name":"wp","href":"https:\/\/api.w.org\/{rel}","templated":true}]}}