{"id":68420,"date":"2025-09-19T22:01:16","date_gmt":"2025-09-19T22:01:16","guid":{"rendered":"https:\/\/lahora.mx\/?p=68420"},"modified":"2025-09-19T22:01:17","modified_gmt":"2025-09-19T22:01:17","slug":"atlixquenses-minimizan-simulacro-ariadna-ayala-pide-tomar-en-serio","status":"publish","type":"post","link":"https:\/\/lahora.mx\/index.php\/2025\/09\/19\/atlixquenses-minimizan-simulacro-ariadna-ayala-pide-tomar-en-serio\/","title":{"rendered":"Atlixquenses minimizan simulacro; Ariadna Ayala pide tomar en serio"},"content":{"rendered":"\n<p>Tras el simulacro de este 19 de septiembre y ante la poca participaci\u00f3n de la ciudadan\u00eda, la presidenta municipal de Atlixco, Ariadna Ayala Camarillo, hizo un llamado a tomar con seriedad este tipo de actividades.<\/p>\n\n\n\n<p>Lo anterior debido a que, fuera de las instituciones de salud, civiles, bancarias, educativas y de centros de venta como mercados y plazas comerciales, no hubo reacci\u00f3n por parte de los atlixquenses.<\/p>\n\n\n\n<p>Este a\u00f1o participaron 480 empleados en 25 inmuebles municipales, 25 brigadistas, los 33 mil alumnos de las 233 escuelas, cinco hospitales, cuatro plazas comerciales y diversos centros de salud, entre otros edificios, en el segundo Simulacro Nacional.<\/p>\n\n\n\n<p>Con una hip\u00f3tesis de sismo, incendio, huracanes y tsunami en distintos puntos del territorio nacional, la simulaci\u00f3n arroj\u00f3 dos personas lesionadas al interior del Palacio Municipal.<\/p>\n\n\n\n<p>Para Atlixco, que el simulacro se tome con seriedad en puntos como la unidad habitacional Infonavit Xalpatlalco, la junta auxiliar de Metepec y el Centro Hist\u00f3rico, es de suma importancia, pues fueron las \u00e1reas m\u00e1s afectadas por el sismo de 2017.<\/p>\n\n\n\n<p>En los tres casos se habla de edificios resentidos por sismos como los de 1985, 1999 y 2017. En el Centro Hist\u00f3rico y en el caser\u00edo industrial de Metepec se trata de inmuebles antiguos, con una antig\u00fcedad mayor a varias d\u00e9cadas.<\/p>\n","protected":false},"excerpt":{"rendered":"<p>Tras el simulacro de este 19 de septiembre y ante la poca participaci\u00f3n de la ciudadan\u00eda, la presidenta municipal de Atlixco, Ariadna Ayala Camarillo, hizo un llamado a tomar con seriedad este tipo de actividades. Lo anterior debido a que, fuera de las instituciones de salud, civiles, bancarias, educativas y de centros de venta como [&hellip;]<\/p>\n","protected":false},"author":4,"featured_media":68421,"comment_status":"open","ping_status":"open","sticky":false,"template":"","format":"standard","meta":{"om_disable_all_campaigns":false,"_monsterinsights_skip_tracking":false,"_monsterinsights_sitenote_active":false,"_monsterinsights_sitenote_note":"","_monsterinsights_sitenote_category":0,"footnotes":""},"categories":[175],"tags":[],"class_list":["post-68420","post","type-post","status-publish","format-standard","has-post-thumbnail","hentry","category-local"],"amp_enabled":true,"_links":{"self":[{"href":"https:\/\/lahora.mx\/index.php\/wp-json\/wp\/v2\/posts\/68420","targetHints":{"allow":["GET"]}}],"collection":[{"href":"https:\/\/lahora.mx\/index.php\/wp-json\/wp\/v2\/posts"}],"about":[{"href":"https:\/\/lahora.mx\/index.php\/wp-json\/wp\/v2\/types\/post"}],"author":[{"embeddable":true,"href":"https:\/\/lahora.mx\/index.php\/wp-json\/wp\/v2\/users\/4"}],"replies":[{"embeddable":true,"href":"https:\/\/lahora.mx\/index.php\/wp-json\/wp\/v2\/comments?post=68420"}],"version-history":[{"count":1,"href":"https:\/\/lahora.mx\/index.php\/wp-json\/wp\/v2\/posts\/68420\/revisions"}],"predecessor-version":[{"id":68422,"href":"https:\/\/lahora.mx\/index.php\/wp-json\/wp\/v2\/posts\/68420\/revisions\/68422"}],"wp:featuredmedia":[{"embeddable":true,"href":"https:\/\/lahora.mx\/index.php\/wp-json\/wp\/v2\/media\/68421"}],"wp:attachment":[{"href":"https:\/\/lahora.mx\/index.php\/wp-json\/wp\/v2\/media?parent=68420"}],"wp:term":[{"taxonomy":"category","embeddable":true,"href":"https:\/\/lahora.mx\/index.php\/wp-json\/wp\/v2\/categories?post=68420"},{"taxonomy":"post_tag","embeddable":true,"href":"https:\/\/lahora.mx\/index.php\/wp-json\/wp\/v2\/tags?post=68420"}],"curies":[{"name":"wp","href":"https:\/\/api.w.org\/{rel}","templated":true}]}}