{"id":68389,"date":"2025-09-19T02:17:16","date_gmt":"2025-09-19T02:17:16","guid":{"rendered":"https:\/\/lahora.mx\/?p=68389"},"modified":"2025-09-19T02:17:16","modified_gmt":"2025-09-19T02:17:16","slug":"trump-dice-estar-decepcionado-con-putin-por-no-acabar-guerra-en-ucrania","status":"publish","type":"post","link":"https:\/\/lahora.mx\/index.php\/2025\/09\/19\/trump-dice-estar-decepcionado-con-putin-por-no-acabar-guerra-en-ucrania\/","title":{"rendered":"Trump dice estar decepcionado con Putin por no acabar guerra en Ucrania"},"content":{"rendered":"\n<p>En una conferencia de prensa que el presidente de Estados Unidos, Donald Trump, sostuvo con el primer ministro de Reino Unido, Keir Starmer, el republicano aseguro que estaba realmente decepcionado con las acciones de Vladimir Putin, asegurando que este no ha tomado medidas para acabar con la guerra en Ucrania.<\/p>\n\n\n\n<p>Ante los medios de comunicaci\u00f3n, el tambi\u00e9n empresario aseguro que \u00e9l pens\u00f3 que este seria el conflicto m\u00e1s f\u00e1cil de resolver en el mundo, ya que aseguro ser amigo del presidente ruso y que esto le dar\u00eda una ventaja. Para su mala suerte, el jefe del Kremlin no ha querido la paz y su gabinete se burla de Trump.<br><br>Estas declaraciones se dan a un mes de que la esperanza se hab\u00eda encendido despu\u00e9s de que se celebrara una cumbre entre Putin y Trump en Alaska, durante la cual se notaron momentos de mucha fricci\u00f3n cuando el republicano quiso saber si el ruso ten\u00eda inter\u00e9s en reunirse con hom\u00f3logo ucranio, Volodymir Zelensky.<\/p>\n\n\n\n<p>\u201cPens\u00e9 que esta guerra ser\u00eda una de las m\u00e1s f\u00e1ciles de resolver debido a mi relaci\u00f3n con Putin. Pero realmente me ha decepcionado. Francamente los soldados rusos est\u00e1n muriendo a un ritmo mayor que los ucranios. Pero s\u00ed, me ha decepcionado\u201d, agreg\u00f3 sin prueba alguna de que estos dichos militares sean reales.<\/p>\n\n\n\n<p>Tras esto, procedi\u00f3 a su mismo argumento de siempre, responsabilizando al gobierno de Joe Biden por la situaci\u00f3n y asegurando que Putin inicio la guerra porque no respetaba al l\u00edder de Estados Unidos. Pese a esto, evito mencionar las faltas de respeto que personal del Kremlin cercano a Putin han dicho sobre \u00e9l.<\/p>\n","protected":false},"excerpt":{"rendered":"<p>En una conferencia de prensa que el presidente de Estados Unidos, Donald Trump, sostuvo con el primer ministro de Reino Unido, Keir Starmer, el republicano aseguro que estaba realmente decepcionado con las acciones de Vladimir Putin, asegurando que este no ha tomado medidas para acabar con la guerra en Ucrania. Ante los medios de comunicaci\u00f3n, [&hellip;]<\/p>\n","protected":false},"author":4,"featured_media":68390,"comment_status":"open","ping_status":"open","sticky":false,"template":"","format":"standard","meta":{"om_disable_all_campaigns":false,"_monsterinsights_skip_tracking":false,"_monsterinsights_sitenote_active":false,"_monsterinsights_sitenote_note":"","_monsterinsights_sitenote_category":0,"footnotes":""},"categories":[183],"tags":[],"class_list":["post-68389","post","type-post","status-publish","format-standard","has-post-thumbnail","hentry","category-internacional"],"amp_enabled":true,"_links":{"self":[{"href":"https:\/\/lahora.mx\/index.php\/wp-json\/wp\/v2\/posts\/68389","targetHints":{"allow":["GET"]}}],"collection":[{"href":"https:\/\/lahora.mx\/index.php\/wp-json\/wp\/v2\/posts"}],"about":[{"href":"https:\/\/lahora.mx\/index.php\/wp-json\/wp\/v2\/types\/post"}],"author":[{"embeddable":true,"href":"https:\/\/lahora.mx\/index.php\/wp-json\/wp\/v2\/users\/4"}],"replies":[{"embeddable":true,"href":"https:\/\/lahora.mx\/index.php\/wp-json\/wp\/v2\/comments?post=68389"}],"version-history":[{"count":1,"href":"https:\/\/lahora.mx\/index.php\/wp-json\/wp\/v2\/posts\/68389\/revisions"}],"predecessor-version":[{"id":68391,"href":"https:\/\/lahora.mx\/index.php\/wp-json\/wp\/v2\/posts\/68389\/revisions\/68391"}],"wp:featuredmedia":[{"embeddable":true,"href":"https:\/\/lahora.mx\/index.php\/wp-json\/wp\/v2\/media\/68390"}],"wp:attachment":[{"href":"https:\/\/lahora.mx\/index.php\/wp-json\/wp\/v2\/media?parent=68389"}],"wp:term":[{"taxonomy":"category","embeddable":true,"href":"https:\/\/lahora.mx\/index.php\/wp-json\/wp\/v2\/categories?post=68389"},{"taxonomy":"post_tag","embeddable":true,"href":"https:\/\/lahora.mx\/index.php\/wp-json\/wp\/v2\/tags?post=68389"}],"curies":[{"name":"wp","href":"https:\/\/api.w.org\/{rel}","templated":true}]}}