{"id":68386,"date":"2025-09-19T01:52:31","date_gmt":"2025-09-19T01:52:31","guid":{"rendered":"https:\/\/lahora.mx\/?p=68386"},"modified":"2025-09-19T01:52:32","modified_gmt":"2025-09-19T01:52:32","slug":"inauguran-centro-de-salud-mental-para-ninas-ninos-y-adolescentes-en-puebla","status":"publish","type":"post","link":"https:\/\/lahora.mx\/index.php\/2025\/09\/19\/inauguran-centro-de-salud-mental-para-ninas-ninos-y-adolescentes-en-puebla\/","title":{"rendered":"Inauguran centro de salud mental para ni\u00f1as, ni\u00f1os y adolescentes en Puebla"},"content":{"rendered":"\n<p>El presidente municipal Pepe Chedraui, acompa\u00f1ado por MariElise Budib, presidenta del Sistema Municipal DIF (SMDIF), acudi\u00f3 este 18 de septiembre a la inauguraci\u00f3n del Centro Poblano de Salud Mental Integral para Ni\u00f1as, Ni\u00f1os y Adolescentes, una nueva instituci\u00f3n impulsada por el Sistema Estatal DIF (SEDIF), destinada a brindar atenci\u00f3n especializada a la infancia y juventud poblana.<\/p>\n\n\n\n<p>Durante la ceremonia, ambos funcionarios destacaron la trascendencia de este espacio como un lugar de acompa\u00f1amiento profesional, asistencia emocional y contenci\u00f3n para menores que enfrentan diversas problem\u00e1ticas en materia de salud mental. Coincidieron en que la apertura del centro representa una respuesta concreta a las necesidades de quienes requieren apoyo integral, con un enfoque humanista y de cercan\u00eda.<\/p>\n\n\n\n<p>El alcalde reconoci\u00f3 el compromiso y la sensibilidad de Cecilia Arellano, presidenta del SEDIF, por encabezar una pol\u00edtica p\u00fablica centrada en el bienestar de las ni\u00f1as, ni\u00f1os y adolescentes del estado. Asimismo, resalt\u00f3 el liderazgo del gobernador Alejandro Armenta, a quien atribuy\u00f3 la voluntad pol\u00edtica y la gesti\u00f3n necesaria para concretar este tipo de proyectos enfocados en la atenci\u00f3n a los sectores m\u00e1s vulnerables.<\/p>\n\n\n\n<p>Chedraui enfatiz\u00f3 la importancia de seguir generando entornos de cuidado, prevenci\u00f3n y bienestar en los municipios, en coordinaci\u00f3n con las instancias estatales, para garantizar que la ni\u00f1ez y los adolescentes crezcan en condiciones dignas, con acceso a servicios que promuevan su desarrollo integral.<\/p>\n","protected":false},"excerpt":{"rendered":"<p>El presidente municipal Pepe Chedraui, acompa\u00f1ado por MariElise Budib, presidenta del Sistema Municipal DIF (SMDIF), acudi\u00f3 este 18 de septiembre a la inauguraci\u00f3n del Centro Poblano de Salud Mental Integral para Ni\u00f1as, Ni\u00f1os y Adolescentes, una nueva instituci\u00f3n impulsada por el Sistema Estatal DIF (SEDIF), destinada a brindar atenci\u00f3n especializada a la infancia y juventud [&hellip;]<\/p>\n","protected":false},"author":4,"featured_media":68387,"comment_status":"open","ping_status":"open","sticky":false,"template":"","format":"standard","meta":{"om_disable_all_campaigns":false,"_monsterinsights_skip_tracking":false,"_monsterinsights_sitenote_active":false,"_monsterinsights_sitenote_note":"","_monsterinsights_sitenote_category":0,"footnotes":""},"categories":[175,252],"tags":[239,195,223],"class_list":["post-68386","post","type-post","status-publish","format-standard","has-post-thumbnail","hentry","category-local","category-salud","tag-gobierno","tag-principal","tag-puebla"],"amp_enabled":true,"_links":{"self":[{"href":"https:\/\/lahora.mx\/index.php\/wp-json\/wp\/v2\/posts\/68386","targetHints":{"allow":["GET"]}}],"collection":[{"href":"https:\/\/lahora.mx\/index.php\/wp-json\/wp\/v2\/posts"}],"about":[{"href":"https:\/\/lahora.mx\/index.php\/wp-json\/wp\/v2\/types\/post"}],"author":[{"embeddable":true,"href":"https:\/\/lahora.mx\/index.php\/wp-json\/wp\/v2\/users\/4"}],"replies":[{"embeddable":true,"href":"https:\/\/lahora.mx\/index.php\/wp-json\/wp\/v2\/comments?post=68386"}],"version-history":[{"count":1,"href":"https:\/\/lahora.mx\/index.php\/wp-json\/wp\/v2\/posts\/68386\/revisions"}],"predecessor-version":[{"id":68388,"href":"https:\/\/lahora.mx\/index.php\/wp-json\/wp\/v2\/posts\/68386\/revisions\/68388"}],"wp:featuredmedia":[{"embeddable":true,"href":"https:\/\/lahora.mx\/index.php\/wp-json\/wp\/v2\/media\/68387"}],"wp:attachment":[{"href":"https:\/\/lahora.mx\/index.php\/wp-json\/wp\/v2\/media?parent=68386"}],"wp:term":[{"taxonomy":"category","embeddable":true,"href":"https:\/\/lahora.mx\/index.php\/wp-json\/wp\/v2\/categories?post=68386"},{"taxonomy":"post_tag","embeddable":true,"href":"https:\/\/lahora.mx\/index.php\/wp-json\/wp\/v2\/tags?post=68386"}],"curies":[{"name":"wp","href":"https:\/\/api.w.org\/{rel}","templated":true}]}}