{"id":68336,"date":"2025-09-18T16:05:52","date_gmt":"2025-09-18T16:05:52","guid":{"rendered":"https:\/\/lahora.mx\/?p=68336"},"modified":"2025-09-18T16:05:52","modified_gmt":"2025-09-18T16:05:52","slug":"trump-ordeno-extradicion-de-caro-quintero-asegura-pam-bondi","status":"publish","type":"post","link":"https:\/\/lahora.mx\/index.php\/2025\/09\/18\/trump-ordeno-extradicion-de-caro-quintero-asegura-pam-bondi\/","title":{"rendered":"Trump orden\u00f3 extradici\u00f3n de Caro Quintero, asegura Pam Bondi"},"content":{"rendered":"\n<p>Por medio de una publicaci\u00f3n en su cuenta oficial de X, la fiscal general de los Estados Unidos, Pam Bondi, asegur\u00f3 que la extradici\u00f3n del narcotraficante Caro Quintero a aquel pa\u00eds se dio por orden directa de Donald Trump.<\/p>\n\n\n\n<p>Esta declaraci\u00f3n contradice lo que Omar Garc\u00eda Harfuch declar\u00f3 el 28 de febrero de este a\u00f1o, d\u00edas despu\u00e9s de la llegada del criminal mexicano a tierras estadunidenses, cuando dijo que la decisi\u00f3n se tom\u00f3 de forma coordinada, cooperativa y con reciprocidad entre ambos gobiernos.<\/p>\n\n\n\n<p>Junto a su declaraci\u00f3n, la fiscal public\u00f3 dos fotograf\u00edas sobre el encuentro que se dio entre Donald Trump, presidente Estados Unidos, y Enroque Camarena, hijo de Enroque \u2018Kiki\u2019 Camarena, agente de la DEA presuntamente asesinado por Caro Quintero.<\/p>\n\n\n\n<p>El hijo de \u2018Kiki\u2019 Camarena ahora es juez en California, se\u00f1al\u00f3 Pam Bondi en el post de X que se public\u00f3 cerca de las 18:18 horas de ayer.<\/p>\n\n\n\n<p>Los enviaron a EUA porque en M\u00e9xico jueces pactaron libertad<br>Por un presunto pacto de liberaci\u00f3n entre jueces del Poder Judicial de la Federaci\u00f3n y criminales fue que el Gobierno de M\u00e9xico pact\u00f3 con el de Estados Unidos para la extradici\u00f3n de Caro Quintero y otros 28 narcotraficantes el 27 de febrero de 2025.<\/p>\n\n\n\n<p>As\u00ed lo indic\u00f3 Omar Garc\u00eda Harfuch, titular de la Secretar\u00eda de Seguridad y Protecci\u00f3n Ciudadana (SSPC) dos d\u00edas despu\u00e9s del hecho, el 29 de ese mismo mes y a\u00f1o.<\/p>\n\n\n\n<p>El secretario de SSPC afirm\u00f3 que el Gabinete de Seguridad federal obtuvo informaci\u00f3n donde se vincul\u00f3 a algunos de los narcotraficantes solicitados por el Gobierno de Estados Unidos con jueces, cuyo nexo les favorecer\u00eda y lograr\u00eda su liberaci\u00f3n.<\/p>\n\n\n\n<p>Los se\u00f1alados llevaban de 40 a 11 a\u00f1os requeridos por las autoridades estadunidenses, declar\u00f3 Harfuch: \u201cContaban con investigaciones de alto impacto en Estados Unidos (\u2026) trasiego de fentanilo y otras drogas, lavado de dinero, homicidio, tr\u00e1fico de armas, secuestro, entre otros\u201d, declar\u00f3.<\/p>\n","protected":false},"excerpt":{"rendered":"<p>Por medio de una publicaci\u00f3n en su cuenta oficial de X, la fiscal general de los Estados Unidos, Pam Bondi, asegur\u00f3 que la extradici\u00f3n del narcotraficante Caro Quintero a aquel pa\u00eds se dio por orden directa de Donald Trump. Esta declaraci\u00f3n contradice lo que Omar Garc\u00eda Harfuch declar\u00f3 el 28 de febrero de este a\u00f1o, [&hellip;]<\/p>\n","protected":false},"author":4,"featured_media":68337,"comment_status":"open","ping_status":"open","sticky":false,"template":"","format":"standard","meta":{"om_disable_all_campaigns":false,"_monsterinsights_skip_tracking":false,"_monsterinsights_sitenote_active":false,"_monsterinsights_sitenote_note":"","_monsterinsights_sitenote_category":0,"footnotes":""},"categories":[183],"tags":[],"class_list":["post-68336","post","type-post","status-publish","format-standard","has-post-thumbnail","hentry","category-internacional"],"amp_enabled":true,"_links":{"self":[{"href":"https:\/\/lahora.mx\/index.php\/wp-json\/wp\/v2\/posts\/68336","targetHints":{"allow":["GET"]}}],"collection":[{"href":"https:\/\/lahora.mx\/index.php\/wp-json\/wp\/v2\/posts"}],"about":[{"href":"https:\/\/lahora.mx\/index.php\/wp-json\/wp\/v2\/types\/post"}],"author":[{"embeddable":true,"href":"https:\/\/lahora.mx\/index.php\/wp-json\/wp\/v2\/users\/4"}],"replies":[{"embeddable":true,"href":"https:\/\/lahora.mx\/index.php\/wp-json\/wp\/v2\/comments?post=68336"}],"version-history":[{"count":1,"href":"https:\/\/lahora.mx\/index.php\/wp-json\/wp\/v2\/posts\/68336\/revisions"}],"predecessor-version":[{"id":68338,"href":"https:\/\/lahora.mx\/index.php\/wp-json\/wp\/v2\/posts\/68336\/revisions\/68338"}],"wp:featuredmedia":[{"embeddable":true,"href":"https:\/\/lahora.mx\/index.php\/wp-json\/wp\/v2\/media\/68337"}],"wp:attachment":[{"href":"https:\/\/lahora.mx\/index.php\/wp-json\/wp\/v2\/media?parent=68336"}],"wp:term":[{"taxonomy":"category","embeddable":true,"href":"https:\/\/lahora.mx\/index.php\/wp-json\/wp\/v2\/categories?post=68336"},{"taxonomy":"post_tag","embeddable":true,"href":"https:\/\/lahora.mx\/index.php\/wp-json\/wp\/v2\/tags?post=68336"}],"curies":[{"name":"wp","href":"https:\/\/api.w.org\/{rel}","templated":true}]}}