{"id":68296,"date":"2025-09-17T16:11:30","date_gmt":"2025-09-17T16:11:30","guid":{"rendered":"https:\/\/lahora.mx\/?p=68296"},"modified":"2025-09-17T16:11:30","modified_gmt":"2025-09-17T16:11:30","slug":"fbi-plantea-tratar-a-carteles-mexicanos-como-grupos-terroristas","status":"publish","type":"post","link":"https:\/\/lahora.mx\/index.php\/2025\/09\/17\/fbi-plantea-tratar-a-carteles-mexicanos-como-grupos-terroristas\/","title":{"rendered":"FBI plantea tratar a c\u00e1rteles mexicanos como grupos terroristas"},"content":{"rendered":"\n<p>El director del Bur\u00f3 Federal de Investigaciones (FBI), Kash Patel, afirm\u00f3 ante el Senado de Estados Unidos que los c\u00e1rteles mexicanos deber\u00edan ser catalogados como organizaciones terroristas extranjeras, en un nivel comparable a Al Qaeda tras los atentados del 11 de septiembre de 2001.<\/p>\n\n\n\n<p>Patel enfatiz\u00f3 que estas estructuras criminales no se limitan a un solo l\u00edder, sino que operan con cadenas jer\u00e1rquicas s\u00f3lidas capaces de regenerarse r\u00e1pidamente. \u201cCuando un jefe cae, inmediatamente hay otros que toman su lugar\u201d, advirti\u00f3, al tiempo que sostuvo que la estrategia debe dirigirse a desarticular toda la red de manera integral.<br><br>El funcionario estadounidense subray\u00f3 que la cooperaci\u00f3n con M\u00e9xico es clave, ya que a trav\u00e9s de un trabajo coordinado se pueden aprovechar herramientas de inteligencia que permitan ubicar tanto a los cabecillas como a sus operadores. Seg\u00fan dijo, la prioridad es \u201clocalizar y desmantelar la estructura completa\u201d, lo cual requiere un esfuerzo conjunto y sostenido.<\/p>\n\n\n\n<p>Patel reconoci\u00f3 que el reto no se resolver\u00e1 de inmediato, pues lo compar\u00f3 con la persecuci\u00f3n de l\u00edderes terroristas posterior al 11-S, la cual se prolong\u00f3 durante a\u00f1os. En este sentido, recalc\u00f3 que la ofensiva contra los c\u00e1rteles ser\u00e1 una misi\u00f3n de largo aliento, con resultados que depender\u00e1n de la continuidad y firmeza de la estrategia bilateral.<\/p>\n","protected":false},"excerpt":{"rendered":"<p>El director del Bur\u00f3 Federal de Investigaciones (FBI), Kash Patel, afirm\u00f3 ante el Senado de Estados Unidos que los c\u00e1rteles mexicanos deber\u00edan ser catalogados como organizaciones terroristas extranjeras, en un nivel comparable a Al Qaeda tras los atentados del 11 de septiembre de 2001. Patel enfatiz\u00f3 que estas estructuras criminales no se limitan a un [&hellip;]<\/p>\n","protected":false},"author":4,"featured_media":68297,"comment_status":"open","ping_status":"open","sticky":false,"template":"","format":"standard","meta":{"om_disable_all_campaigns":false,"_monsterinsights_skip_tracking":false,"_monsterinsights_sitenote_active":false,"_monsterinsights_sitenote_note":"","_monsterinsights_sitenote_category":0,"footnotes":""},"categories":[183],"tags":[],"class_list":["post-68296","post","type-post","status-publish","format-standard","has-post-thumbnail","hentry","category-internacional"],"amp_enabled":true,"_links":{"self":[{"href":"https:\/\/lahora.mx\/index.php\/wp-json\/wp\/v2\/posts\/68296","targetHints":{"allow":["GET"]}}],"collection":[{"href":"https:\/\/lahora.mx\/index.php\/wp-json\/wp\/v2\/posts"}],"about":[{"href":"https:\/\/lahora.mx\/index.php\/wp-json\/wp\/v2\/types\/post"}],"author":[{"embeddable":true,"href":"https:\/\/lahora.mx\/index.php\/wp-json\/wp\/v2\/users\/4"}],"replies":[{"embeddable":true,"href":"https:\/\/lahora.mx\/index.php\/wp-json\/wp\/v2\/comments?post=68296"}],"version-history":[{"count":1,"href":"https:\/\/lahora.mx\/index.php\/wp-json\/wp\/v2\/posts\/68296\/revisions"}],"predecessor-version":[{"id":68298,"href":"https:\/\/lahora.mx\/index.php\/wp-json\/wp\/v2\/posts\/68296\/revisions\/68298"}],"wp:featuredmedia":[{"embeddable":true,"href":"https:\/\/lahora.mx\/index.php\/wp-json\/wp\/v2\/media\/68297"}],"wp:attachment":[{"href":"https:\/\/lahora.mx\/index.php\/wp-json\/wp\/v2\/media?parent=68296"}],"wp:term":[{"taxonomy":"category","embeddable":true,"href":"https:\/\/lahora.mx\/index.php\/wp-json\/wp\/v2\/categories?post=68296"},{"taxonomy":"post_tag","embeddable":true,"href":"https:\/\/lahora.mx\/index.php\/wp-json\/wp\/v2\/tags?post=68296"}],"curies":[{"name":"wp","href":"https:\/\/api.w.org\/{rel}","templated":true}]}}