{"id":68261,"date":"2025-09-16T01:06:22","date_gmt":"2025-09-16T01:06:22","guid":{"rendered":"https:\/\/lahora.mx\/?p=68261"},"modified":"2025-09-16T01:06:22","modified_gmt":"2025-09-16T01:06:22","slug":"revelan-participacion-de-poblano-en-acuerdo-de-independencia","status":"publish","type":"post","link":"https:\/\/lahora.mx\/index.php\/2025\/09\/16\/revelan-participacion-de-poblano-en-acuerdo-de-independencia\/","title":{"rendered":"Revelan participaci\u00f3n de poblano en acuerdo de independencia"},"content":{"rendered":"\n<p>La Independencia de M\u00e9xico no fue solo obra de los nombres inscritos en los libros oficiales. Desde la Sierra Norte de Puebla, el capit\u00e1n Juan Nepomuceno Bonilla Hern\u00e1ndez aport\u00f3 una pieza esencial para la consumaci\u00f3n del movimiento insurgente.<\/p>\n\n\n\n<p>Originario del municipio de Tetela de Ocampo, Bonilla march\u00f3 en 1821 junto a su pelot\u00f3n rumbo a Veracruz para respaldar al Ej\u00e9rcito Trigarante en la firma de los Tratados de C\u00f3rdoba, documento clave que marc\u00f3 la ruptura definitiva con la corona espa\u00f1ola.<\/p>\n\n\n\n<p>Eduardo Torres Molina, descendiente directo del capit\u00e1n Bonilla y actual presidente de la Sociedad de Defensores de la Rep\u00fablica Mexicana y sus Descendientes A.C., dio a conocer una serie de documentos familiares que revelan la participaci\u00f3n del militar poblano.<\/p>\n\n\n\n<p>Entre ellos se encuentra una carta firmada por el propio Agust\u00edn de Iturbide, donde solicita la presencia del capit\u00e1n en la ciudad de C\u00f3rdoba para el acto que dio origen al M\u00e9xico independiente.<\/p>\n\n\n\n<p>La documentaci\u00f3n tambi\u00e9n se\u00f1ala que Juan Nepomuceno Bonilla Hern\u00e1ndez combati\u00f3 al lado de figuras insurgentes como Jos\u00e9 Francisco Osorno y Jos\u00e9 Antonio Mart\u00ednez de Segura, alias el Tatita Cura.<\/p>\n\n\n\n<p>Su papel dentro del Ej\u00e9rcito Trigarante no solo consisti\u00f3 en operaciones de combate, sino en apoyar directamente la log\u00edstica y protecci\u00f3n del movimiento de tropas rumbo a Veracruz, lo que facilit\u00f3 la firma del tratado con Juan de O\u2019Donoj\u00fa, jefe pol\u00edtico de la Nueva Espa\u00f1a.<\/p>\n\n\n\n<p>Uno de los hallazgos m\u00e1s llamativos es una carta firmada por Victoriana Segura, esposa del capit\u00e1n Bonilla, donde se menciona la medalla que le fue otorgada tras su participaci\u00f3n en los actos de 1821.<\/p>\n\n\n\n<p>Esta pieza, a\u00fan conservada por la familia Torres, va acompa\u00f1ada de otra insignia militar y constituye uno de los pocos testimonios f\u00edsicos que conectan al estado de Puebla con los d\u00edas decisivos de la emancipaci\u00f3n nacional.<\/p>\n\n\n\n<p>Seg\u00fan Torres Molina, su antepasado sigui\u00f3 vinculado a la vida pol\u00edtica y militar del M\u00e9xico independiente durante los primeros a\u00f1os de la rep\u00fablica.<\/p>\n\n\n\n<p>La existencia de nuevos escritos por descifrar podr\u00eda arrojar m\u00e1s detalles sobre su rol posterior al triunfo insurgente.<\/p>\n\n\n\n<p>Batallas como las de Iz\u00facar en 1812 o Temalaca en 1815, donde fue capturado Jos\u00e9 Mar\u00eda Morelos, demuestran la dualidad vivida en el estado, entre el apoyo popular al movimiento y la defensa institucional del r\u00e9gimen virreinal.<\/p>\n\n\n\n<p>Torres Molina considera que el legado de figuras como Juan Nepomuceno Bonilla Hern\u00e1ndez debe conocerse m\u00e1s all\u00e1 del \u00e1mbito familiar y convertirse en referente de identidad para las generaciones actuales.<\/p>\n\n\n\n<p>Seg\u00fan Torres Molina, el reconocimiento a los h\u00e9roes serranos es parte fundamental para entender la complejidad del proceso de Independencia en el territorio poblano.<\/p>\n","protected":false},"excerpt":{"rendered":"<p>La Independencia de M\u00e9xico no fue solo obra de los nombres inscritos en los libros oficiales. Desde la Sierra Norte de Puebla, el capit\u00e1n Juan Nepomuceno Bonilla Hern\u00e1ndez aport\u00f3 una pieza esencial para la consumaci\u00f3n del movimiento insurgente. Originario del municipio de Tetela de Ocampo, Bonilla march\u00f3 en 1821 junto a su pelot\u00f3n rumbo a [&hellip;]<\/p>\n","protected":false},"author":4,"featured_media":68262,"comment_status":"open","ping_status":"open","sticky":false,"template":"","format":"standard","meta":{"om_disable_all_campaigns":false,"_monsterinsights_skip_tracking":false,"_monsterinsights_sitenote_active":false,"_monsterinsights_sitenote_note":"","_monsterinsights_sitenote_category":0,"footnotes":""},"categories":[3],"tags":[],"class_list":["post-68261","post","type-post","status-publish","format-standard","has-post-thumbnail","hentry","category-entretenimiento"],"amp_enabled":true,"_links":{"self":[{"href":"https:\/\/lahora.mx\/index.php\/wp-json\/wp\/v2\/posts\/68261","targetHints":{"allow":["GET"]}}],"collection":[{"href":"https:\/\/lahora.mx\/index.php\/wp-json\/wp\/v2\/posts"}],"about":[{"href":"https:\/\/lahora.mx\/index.php\/wp-json\/wp\/v2\/types\/post"}],"author":[{"embeddable":true,"href":"https:\/\/lahora.mx\/index.php\/wp-json\/wp\/v2\/users\/4"}],"replies":[{"embeddable":true,"href":"https:\/\/lahora.mx\/index.php\/wp-json\/wp\/v2\/comments?post=68261"}],"version-history":[{"count":1,"href":"https:\/\/lahora.mx\/index.php\/wp-json\/wp\/v2\/posts\/68261\/revisions"}],"predecessor-version":[{"id":68263,"href":"https:\/\/lahora.mx\/index.php\/wp-json\/wp\/v2\/posts\/68261\/revisions\/68263"}],"wp:featuredmedia":[{"embeddable":true,"href":"https:\/\/lahora.mx\/index.php\/wp-json\/wp\/v2\/media\/68262"}],"wp:attachment":[{"href":"https:\/\/lahora.mx\/index.php\/wp-json\/wp\/v2\/media?parent=68261"}],"wp:term":[{"taxonomy":"category","embeddable":true,"href":"https:\/\/lahora.mx\/index.php\/wp-json\/wp\/v2\/categories?post=68261"},{"taxonomy":"post_tag","embeddable":true,"href":"https:\/\/lahora.mx\/index.php\/wp-json\/wp\/v2\/tags?post=68261"}],"curies":[{"name":"wp","href":"https:\/\/api.w.org\/{rel}","templated":true}]}}