{"id":68255,"date":"2025-09-15T23:13:33","date_gmt":"2025-09-15T23:13:33","guid":{"rendered":"https:\/\/lahora.mx\/?p=68255"},"modified":"2025-09-15T23:13:34","modified_gmt":"2025-09-15T23:13:34","slug":"poblano-pone-a-puebla-en-el-podio-mundial-de-wushu","status":"publish","type":"post","link":"https:\/\/lahora.mx\/index.php\/2025\/09\/15\/poblano-pone-a-puebla-en-el-podio-mundial-de-wushu\/","title":{"rendered":"Poblano pone a Puebla en el podio mundial de Wushu"},"content":{"rendered":"\n<p>El poblano Eduardo Efra\u00edn Cruz hizo historia para el deporte mexicano al conquistar la medalla de bronce en el Campeonato Mundial de Wushu, realizado del 1 al 8 de septiembre en Brasilia, Brasil.<\/p>\n\n\n\n<p>Con este resultado, se convirti\u00f3 en el primer atleta de Puebla en subir al podio en una justa mundial de la disciplina.<\/p>\n\n\n\n<p>El wushu es un arte marcial de origen chino que combina estilos tradicionales y modernos, con t\u00e9cnicas de combate y rutinas acrob\u00e1ticas. Aunque en ocasiones se le asocia con el t\u00e9rmino kung-fu, ambos conceptos abarcan diferentes expresiones de las artes marciales chinas.<\/p>\n\n\n\n<p>Cruz lleg\u00f3 a Brasilia el 30 de agosto y un d\u00eda despu\u00e9s entren\u00f3 con la selecci\u00f3n mexicana en el escenario del torneo, donde participaron atletas de m\u00e1s de 80 pa\u00edses afiliados a la Federaci\u00f3n Internacional de Wushu. El certamen reuni\u00f3 a los mejores exponentes de esta disciplina, consolid\u00e1ndose como un escaparate mundial.<\/p>\n\n\n\n<p>Durante la competencia, el poblano sostuvo dos combates exigentes. En su primer duelo enfrent\u00f3 a un representante de Ir\u00e1n y posteriormente a un rival de Turkmenist\u00e1n, encuentros que exigieron precisi\u00f3n t\u00e9cnica y resistencia f\u00edsica. Tras superar esas pruebas, consigui\u00f3 asegurar un lugar en el podio.<\/p>\n\n\n\n<p>\u201cEran rivales sumamente fuertes y comprometidos. Ten\u00edamos el mismo objetivo, pero un prop\u00f3sito diferente\u201d, coment\u00f3 Cruz al recordar la intensidad de sus enfrentamientos.<\/p>\n\n\n\n<p>Con la medalla en la mano, el atleta poblano destac\u00f3 el valor de este logro en su trayectoria: \u201cPara m\u00ed es un orgullo y un privilegio haber tenido esta oportunidad\u201d, expres\u00f3 emocionado al representar a M\u00e9xico y a Puebla en un escenario internacional.<\/p>\n\n\n\n<p>Con m\u00e1s de 10 a\u00f1os de experiencia en el wushu, Cruz ha forjado su carrera con disciplina y constancia. Ahora, con la mira puesta en pr\u00f3ximos torneos internacionales, asegur\u00f3 que este bronce es solo el inicio de una etapa en la que buscar\u00e1 consolidarse como referente de la disciplina en M\u00e9xico y el mundo.<\/p>\n","protected":false},"excerpt":{"rendered":"<p>El poblano Eduardo Efra\u00edn Cruz hizo historia para el deporte mexicano al conquistar la medalla de bronce en el Campeonato Mundial de Wushu, realizado del 1 al 8 de septiembre en Brasilia, Brasil. Con este resultado, se convirti\u00f3 en el primer atleta de Puebla en subir al podio en una justa mundial de la disciplina. [&hellip;]<\/p>\n","protected":false},"author":4,"featured_media":68256,"comment_status":"open","ping_status":"open","sticky":false,"template":"","format":"standard","meta":{"om_disable_all_campaigns":false,"_monsterinsights_skip_tracking":false,"_monsterinsights_sitenote_active":false,"_monsterinsights_sitenote_note":"","_monsterinsights_sitenote_category":0,"footnotes":""},"categories":[6],"tags":[],"class_list":["post-68255","post","type-post","status-publish","format-standard","has-post-thumbnail","hentry","category-sports"],"amp_enabled":true,"_links":{"self":[{"href":"https:\/\/lahora.mx\/index.php\/wp-json\/wp\/v2\/posts\/68255","targetHints":{"allow":["GET"]}}],"collection":[{"href":"https:\/\/lahora.mx\/index.php\/wp-json\/wp\/v2\/posts"}],"about":[{"href":"https:\/\/lahora.mx\/index.php\/wp-json\/wp\/v2\/types\/post"}],"author":[{"embeddable":true,"href":"https:\/\/lahora.mx\/index.php\/wp-json\/wp\/v2\/users\/4"}],"replies":[{"embeddable":true,"href":"https:\/\/lahora.mx\/index.php\/wp-json\/wp\/v2\/comments?post=68255"}],"version-history":[{"count":1,"href":"https:\/\/lahora.mx\/index.php\/wp-json\/wp\/v2\/posts\/68255\/revisions"}],"predecessor-version":[{"id":68257,"href":"https:\/\/lahora.mx\/index.php\/wp-json\/wp\/v2\/posts\/68255\/revisions\/68257"}],"wp:featuredmedia":[{"embeddable":true,"href":"https:\/\/lahora.mx\/index.php\/wp-json\/wp\/v2\/media\/68256"}],"wp:attachment":[{"href":"https:\/\/lahora.mx\/index.php\/wp-json\/wp\/v2\/media?parent=68255"}],"wp:term":[{"taxonomy":"category","embeddable":true,"href":"https:\/\/lahora.mx\/index.php\/wp-json\/wp\/v2\/categories?post=68255"},{"taxonomy":"post_tag","embeddable":true,"href":"https:\/\/lahora.mx\/index.php\/wp-json\/wp\/v2\/tags?post=68255"}],"curies":[{"name":"wp","href":"https:\/\/api.w.org\/{rel}","templated":true}]}}