{"id":68252,"date":"2025-09-15T23:12:02","date_gmt":"2025-09-15T23:12:02","guid":{"rendered":"https:\/\/lahora.mx\/?p=68252"},"modified":"2025-09-15T23:12:03","modified_gmt":"2025-09-15T23:12:03","slug":"puebla-espera-derrama-economica-de-600-millones-por-fiestas-patrias","status":"publish","type":"post","link":"https:\/\/lahora.mx\/index.php\/2025\/09\/15\/puebla-espera-derrama-economica-de-600-millones-por-fiestas-patrias\/","title":{"rendered":"Puebla espera derrama econ\u00f3mica de 600 millones por fiestas patrias"},"content":{"rendered":"\n<p>Los festejos patrios de 2025 prometen un impulso econ\u00f3mico significativo para el comercio del Centro Hist\u00f3rico de Puebla, con una derrama proyectada de 600 millones de pesos, un 15 por ciento m\u00e1s que en 2024, seg\u00fan el Concejo de Comerciantes del Centro Hist\u00f3rico.<\/p>\n\n\n\n<p>De acuerdo con informaci\u00f3n publicada por El Financiero, Jos\u00e9 Juan Ayala V\u00e1zquez, presidente del organismo, asegur\u00f3 que las verbenas populares y convivencia en los hogares son la base para este aumento en las ventas.<\/p>\n\n\n\n<p>Adem\u00e1s, destac\u00f3 que se trata de un gasto contemplado por las familias desde semanas antes.<\/p>\n\n\n\n<p>\u201cEs una de las temporadas de mayor venta en el a\u00f1o, por la convivencia familiar y social que se da durante la noche mexicana\u201d, afirm\u00f3.<\/p>\n\n\n\n<p>El entrevistado se\u00f1al\u00f3 que esta celebraci\u00f3n beneficiar\u00e1 a m\u00e1s de 5 mil puntos de venta de abarrotes y miscel\u00e1neas, junto con restaurantes, supermercados, minisupers y mil 430 bares y cantinas en la zona.<\/p>\n\n\n\n<p>Tambi\u00e9n contabiliz\u00f3 a 440 pasteler\u00edas y panader\u00edas, comercios de vinos, cervezas y licores al mayoreo y menudeo, as\u00ed como servicios de banquetes y catering, para sumar hasta 12 mil 679 negocios.<\/p>\n\n\n\n<p>Ayuntamiento de Puebla prioriza comercio formal<br>Record\u00f3 que el Ayuntamiento de Puebla limit\u00f3 los permisos para puestos de comida a las inmediaciones del z\u00f3calo, en el marco de la verbena popular por la noche del Grito, priorizando el comercio formal.<\/p>\n\n\n\n<p><\/p>\n\n\n\n<p>Ayala V\u00e1zquez argument\u00f3 que esta medida se debe a la competencia desleal que representan los ambulantes, quienes al instalarse frente a los locales establecidos afectan las ventas.<\/p>\n\n\n\n<p>Ventas por fiestas patrias crecer\u00e1n 7.1 por ciento<br>A nivel nacional, de acuerdo con informaci\u00f3n de El Financiero, la Confederaci\u00f3n de C\u00e1maras Nacionales de Comercio, Servicios y Turismo (Concanaco-Servytur) M\u00e9xico proyect\u00f3 una derrama econ\u00f3mica de 37 mil 500 millones de pesos por las fiestas patrias de 2025, un incremento del 7.1 por ciento respecto al a\u00f1o anterior.<\/p>\n\n\n\n<p>Este crecimiento, impulsado por el consumo interno y el turismo nacional, beneficiar\u00e1 principalmente al comercio (55 por ciento), el sector tur\u00edstico y de hospedaje (30 por ciento), restaurantes y espect\u00e1culos (10 por ciento), y transporte local (5 por ciento).<\/p>\n","protected":false},"excerpt":{"rendered":"<p>Los festejos patrios de 2025 prometen un impulso econ\u00f3mico significativo para el comercio del Centro Hist\u00f3rico de Puebla, con una derrama proyectada de 600 millones de pesos, un 15 por ciento m\u00e1s que en 2024, seg\u00fan el Concejo de Comerciantes del Centro Hist\u00f3rico. De acuerdo con informaci\u00f3n publicada por El Financiero, Jos\u00e9 Juan Ayala V\u00e1zquez, [&hellip;]<\/p>\n","protected":false},"author":4,"featured_media":68253,"comment_status":"open","ping_status":"open","sticky":false,"template":"","format":"standard","meta":{"om_disable_all_campaigns":false,"_monsterinsights_skip_tracking":false,"_monsterinsights_sitenote_active":false,"_monsterinsights_sitenote_note":"","_monsterinsights_sitenote_category":0,"footnotes":""},"categories":[175,2],"tags":[223],"class_list":["post-68252","post","type-post","status-publish","format-standard","has-post-thumbnail","hentry","category-local","category-negocios","tag-puebla"],"amp_enabled":true,"_links":{"self":[{"href":"https:\/\/lahora.mx\/index.php\/wp-json\/wp\/v2\/posts\/68252","targetHints":{"allow":["GET"]}}],"collection":[{"href":"https:\/\/lahora.mx\/index.php\/wp-json\/wp\/v2\/posts"}],"about":[{"href":"https:\/\/lahora.mx\/index.php\/wp-json\/wp\/v2\/types\/post"}],"author":[{"embeddable":true,"href":"https:\/\/lahora.mx\/index.php\/wp-json\/wp\/v2\/users\/4"}],"replies":[{"embeddable":true,"href":"https:\/\/lahora.mx\/index.php\/wp-json\/wp\/v2\/comments?post=68252"}],"version-history":[{"count":1,"href":"https:\/\/lahora.mx\/index.php\/wp-json\/wp\/v2\/posts\/68252\/revisions"}],"predecessor-version":[{"id":68254,"href":"https:\/\/lahora.mx\/index.php\/wp-json\/wp\/v2\/posts\/68252\/revisions\/68254"}],"wp:featuredmedia":[{"embeddable":true,"href":"https:\/\/lahora.mx\/index.php\/wp-json\/wp\/v2\/media\/68253"}],"wp:attachment":[{"href":"https:\/\/lahora.mx\/index.php\/wp-json\/wp\/v2\/media?parent=68252"}],"wp:term":[{"taxonomy":"category","embeddable":true,"href":"https:\/\/lahora.mx\/index.php\/wp-json\/wp\/v2\/categories?post=68252"},{"taxonomy":"post_tag","embeddable":true,"href":"https:\/\/lahora.mx\/index.php\/wp-json\/wp\/v2\/tags?post=68252"}],"curies":[{"name":"wp","href":"https:\/\/api.w.org\/{rel}","templated":true}]}}