{"id":68244,"date":"2025-09-15T18:02:07","date_gmt":"2025-09-15T18:02:07","guid":{"rendered":"https:\/\/lahora.mx\/?p=68244"},"modified":"2025-09-15T18:02:07","modified_gmt":"2025-09-15T18:02:07","slug":"temblor-de-4-7-grados-sacude-oaxaca-en-la-manana-del-15-de-septiembre","status":"publish","type":"post","link":"https:\/\/lahora.mx\/index.php\/2025\/09\/15\/temblor-de-4-7-grados-sacude-oaxaca-en-la-manana-del-15-de-septiembre\/","title":{"rendered":"Temblor de 4.7 grados sacude Oaxaca en la ma\u00f1ana del 15 de septiembre"},"content":{"rendered":"\n<p><strong>Un sismo se registr\u00f3 en Oaxaca la ma\u00f1ana de este lunes 15 de septiembre, sorprendiendo a habitantes durante las primeras horas del D\u00eda del Grito de Independencia.&nbsp;<\/strong><\/p>\n\n\n\n<p>Seg\u00fan el Servicio Sismol\u00f3gico Nacional (SSN), el movimiento ocurri\u00f3 a las 06:36:30 horas con una magnitud de 4.7 en la escala de Richter. El epicentro se ubic\u00f3 a cinco kil\u00f3metros al noroeste de Salina Cruz.<br>El organismo detall\u00f3 que el temblor tuvo una profundidad de 31 kil\u00f3metros, con coordenadas de latitud 16.20 y longitud -95.23. Aunque no se trata de un sismo de gran intensidad, fue perceptible en varias localidades del Istmo de Tehuantepec y en zonas cercanas, generando alarma entre quienes a\u00fan descansaban.<\/p>\n\n\n\n<p>Protecci\u00f3n Civil y autoridades locales informaron que no se han registrado da\u00f1os materiales ni personas heridas. Sin embargo, recomendaron a la poblaci\u00f3n revisar sus viviendas y extremar precauciones, especialmente en construcciones antiguas o con grietas visibles, para evitar riesgos adicionales.<\/p>\n","protected":false},"excerpt":{"rendered":"<p>Un sismo se registr\u00f3 en Oaxaca la ma\u00f1ana de este lunes 15 de septiembre, sorprendiendo a habitantes durante las primeras horas del D\u00eda del Grito de Independencia.&nbsp; Seg\u00fan el Servicio Sismol\u00f3gico Nacional (SSN), el movimiento ocurri\u00f3 a las 06:36:30 horas con una magnitud de 4.7 en la escala de Richter. El epicentro se ubic\u00f3 a [&hellip;]<\/p>\n","protected":false},"author":4,"featured_media":68245,"comment_status":"open","ping_status":"open","sticky":false,"template":"","format":"standard","meta":{"om_disable_all_campaigns":false,"_monsterinsights_skip_tracking":false,"_monsterinsights_sitenote_active":false,"_monsterinsights_sitenote_note":"","_monsterinsights_sitenote_category":0,"footnotes":""},"categories":[176],"tags":[223],"class_list":["post-68244","post","type-post","status-publish","format-standard","has-post-thumbnail","hentry","category-nacional","tag-puebla"],"amp_enabled":true,"_links":{"self":[{"href":"https:\/\/lahora.mx\/index.php\/wp-json\/wp\/v2\/posts\/68244","targetHints":{"allow":["GET"]}}],"collection":[{"href":"https:\/\/lahora.mx\/index.php\/wp-json\/wp\/v2\/posts"}],"about":[{"href":"https:\/\/lahora.mx\/index.php\/wp-json\/wp\/v2\/types\/post"}],"author":[{"embeddable":true,"href":"https:\/\/lahora.mx\/index.php\/wp-json\/wp\/v2\/users\/4"}],"replies":[{"embeddable":true,"href":"https:\/\/lahora.mx\/index.php\/wp-json\/wp\/v2\/comments?post=68244"}],"version-history":[{"count":1,"href":"https:\/\/lahora.mx\/index.php\/wp-json\/wp\/v2\/posts\/68244\/revisions"}],"predecessor-version":[{"id":68246,"href":"https:\/\/lahora.mx\/index.php\/wp-json\/wp\/v2\/posts\/68244\/revisions\/68246"}],"wp:featuredmedia":[{"embeddable":true,"href":"https:\/\/lahora.mx\/index.php\/wp-json\/wp\/v2\/media\/68245"}],"wp:attachment":[{"href":"https:\/\/lahora.mx\/index.php\/wp-json\/wp\/v2\/media?parent=68244"}],"wp:term":[{"taxonomy":"category","embeddable":true,"href":"https:\/\/lahora.mx\/index.php\/wp-json\/wp\/v2\/categories?post=68244"},{"taxonomy":"post_tag","embeddable":true,"href":"https:\/\/lahora.mx\/index.php\/wp-json\/wp\/v2\/tags?post=68244"}],"curies":[{"name":"wp","href":"https:\/\/api.w.org\/{rel}","templated":true}]}}