{"id":6822,"date":"2022-05-12T17:52:28","date_gmt":"2022-05-12T17:52:28","guid":{"rendered":"http:\/\/lahora.mx\/?p=6822"},"modified":"2022-05-12T17:52:29","modified_gmt":"2022-05-12T17:52:29","slug":"deja-7-muertos-accidente-en-la-mexico-tuxpan","status":"publish","type":"post","link":"https:\/\/lahora.mx\/index.php\/2022\/05\/12\/deja-7-muertos-accidente-en-la-mexico-tuxpan\/","title":{"rendered":"Deja 7 muertos accidente en la M\u00e9xico-Tuxpan"},"content":{"rendered":"\n<p><strong>Siete personas muertas<\/strong>, entre ellos un&nbsp;<strong>menor de edad<\/strong>, as\u00ed como&nbsp;<strong>da\u00f1os materiales<\/strong>&nbsp;y el&nbsp;<strong>cierre de la circulaci\u00f3n&nbsp;<\/strong>de ambos sentidos, fue el saldo que dej\u00f3 un aparatoso&nbsp;<strong>accidente vehicular<\/strong>&nbsp;sobre la autopista&nbsp;<strong>M\u00e9xico -Tuxpan<\/strong>, dentro del tramo carretero del municipio de&nbsp;<strong>Xicotepec<\/strong>.<\/p>\n\n\n\n<p>Los hechos se registraron la noche de ayer mi\u00e9rcoles, cerca de las 22:30 horas, sobr\u00e9 \u00e9l kil\u00f3metro 164+500, tramo&nbsp;<strong>Nuevo Necaxa &#8211; Villa \u00c1vila Camacho<\/strong>, luego de que tres veh\u00edculos se impactaran.<\/p>\n\n\n\n<p>De acuerdo a reportes oficiales, los veh\u00edculos involucrados son un cami\u00f3n unitario pesado de color blanco, un autom\u00f3vil de la marca Renault color gris y un cami\u00f3n doblemente articulado, tipo tanque color blanco.<\/p>\n\n\n\n<p>La gravedad del impacto provoc\u00f3 que siete personas perdieran la vida entre ellas&nbsp;<strong>dos hombres, cuatro mujeres y un menor de edad<\/strong>, de los cu\u00e1les hasta el momento s<strong>e desconoce su identidad<\/strong>.<\/p>\n\n\n\n<p>Al lugar arribaron elementos de&nbsp;<strong>Protecci\u00f3n Civil del Estado<\/strong>, Bomberos, personal de la Auneti, administradora de la autopista y la&nbsp;<strong>Guardia Nacional<\/strong>&nbsp;Divisi\u00f3n Carreteras, estos \u00faltimos tomaron conocimiento del accidente para deslindar responsabilidades.<\/p>\n\n\n\n<p>Hasta el cierre de esta nota se desconocen las&nbsp;<strong>causas del accidente<\/strong>.<\/p>\n","protected":false},"excerpt":{"rendered":"<p>Siete personas muertas, entre ellos un&nbsp;menor de edad, as\u00ed como&nbsp;da\u00f1os materiales&nbsp;y el&nbsp;cierre de la circulaci\u00f3n&nbsp;de ambos sentidos, fue el saldo que dej\u00f3 un aparatoso&nbsp;accidente vehicular&nbsp;sobre la autopista&nbsp;M\u00e9xico -Tuxpan, dentro del tramo carretero del municipio de&nbsp;Xicotepec. Los hechos se registraron la noche de ayer mi\u00e9rcoles, cerca de las 22:30 horas, sobr\u00e9 \u00e9l kil\u00f3metro 164+500, tramo&nbsp;Nuevo Necaxa [&hellip;]<\/p>\n","protected":false},"author":4,"featured_media":6823,"comment_status":"open","ping_status":"open","sticky":false,"template":"","format":"standard","meta":{"om_disable_all_campaigns":false,"_monsterinsights_skip_tracking":false,"_monsterinsights_sitenote_active":false,"_monsterinsights_sitenote_note":"","_monsterinsights_sitenote_category":0,"footnotes":""},"categories":[176],"tags":[],"class_list":["post-6822","post","type-post","status-publish","format-standard","has-post-thumbnail","hentry","category-nacional"],"amp_enabled":true,"_links":{"self":[{"href":"https:\/\/lahora.mx\/index.php\/wp-json\/wp\/v2\/posts\/6822","targetHints":{"allow":["GET"]}}],"collection":[{"href":"https:\/\/lahora.mx\/index.php\/wp-json\/wp\/v2\/posts"}],"about":[{"href":"https:\/\/lahora.mx\/index.php\/wp-json\/wp\/v2\/types\/post"}],"author":[{"embeddable":true,"href":"https:\/\/lahora.mx\/index.php\/wp-json\/wp\/v2\/users\/4"}],"replies":[{"embeddable":true,"href":"https:\/\/lahora.mx\/index.php\/wp-json\/wp\/v2\/comments?post=6822"}],"version-history":[{"count":1,"href":"https:\/\/lahora.mx\/index.php\/wp-json\/wp\/v2\/posts\/6822\/revisions"}],"predecessor-version":[{"id":6824,"href":"https:\/\/lahora.mx\/index.php\/wp-json\/wp\/v2\/posts\/6822\/revisions\/6824"}],"wp:featuredmedia":[{"embeddable":true,"href":"https:\/\/lahora.mx\/index.php\/wp-json\/wp\/v2\/media\/6823"}],"wp:attachment":[{"href":"https:\/\/lahora.mx\/index.php\/wp-json\/wp\/v2\/media?parent=6822"}],"wp:term":[{"taxonomy":"category","embeddable":true,"href":"https:\/\/lahora.mx\/index.php\/wp-json\/wp\/v2\/categories?post=6822"},{"taxonomy":"post_tag","embeddable":true,"href":"https:\/\/lahora.mx\/index.php\/wp-json\/wp\/v2\/tags?post=6822"}],"curies":[{"name":"wp","href":"https:\/\/api.w.org\/{rel}","templated":true}]}}