{"id":68216,"date":"2025-09-14T22:48:44","date_gmt":"2025-09-14T22:48:44","guid":{"rendered":"https:\/\/lahora.mx\/?p=68216"},"modified":"2025-09-14T22:48:45","modified_gmt":"2025-09-14T22:48:45","slug":"manifestantes-propalestinos-interrumpen-la-ultima-etapa-de-la-vuelta-a-espana","status":"publish","type":"post","link":"https:\/\/lahora.mx\/index.php\/2025\/09\/14\/manifestantes-propalestinos-interrumpen-la-ultima-etapa-de-la-vuelta-a-espana\/","title":{"rendered":"Manifestantes propalestinos interrumpen la \u00faltima etapa de la Vuelta a Espa\u00f1a"},"content":{"rendered":"\n<p>La \u00faltima etapa de la Vuelta a Espa\u00f1a 2025 fue abruptamente interrumpida debido a manifestaciones propalestinas que se desarrollaron en las calles de la capital espa\u00f1ola, lo que oblig\u00f3 a los organizadores a cancelar la ceremonia de premiaci\u00f3n ya acortar el recorrido final.<\/p>\n\n\n\n<p>Los disturbios se producen cerca del circuito de meta, donde un grupo de manifestantes bloque\u00f3 parcialmente el paso con pancartas contra Israel. La situaci\u00f3n gener\u00f3 enfrentamientos con la polic\u00eda, y los ciclistas se vieron obligados a detenerse temporalmente. Aunque el recorrido fue reanudado brevemente, debi\u00f3 ser suspendido de nuevo por razones de seguridad.<\/p>\n\n\n\n<p>Los organizadores confirmaron que la etapa se dio por concluida antes de lo previsto y que no habr\u00eda podio, mientras se defin\u00edan los resultados oficiales. En el momento de la suspensi\u00f3n, restaban cerca de 50 kil\u00f3metros por recorrer. Jonas Vingegaard, del equipo Visma-Lease a Bike, lideraba la clasificaci\u00f3n general con una ventaja de 1 minuto y 16 segundos sobre Jo\u00e3o Almeida, lo que lo perfilaba como virtual campe\u00f3n de la competencia.<\/p>\n\n\n\n<p>Desde el inicio del circuito en Alalpardo, la jornada estuvo marcada por una fuerte presencia de seguridad. M\u00e1s de mil 500 agentes fueron desplegados, incluyendo polic\u00edas antidisturbios, unidades montadas y veh\u00edculos militares, en previsi\u00f3n de protestas masivas que finalmente se materializaron con la participaci\u00f3n de aproximadamente 6 mil manifestantes.<\/p>\n\n\n\n<p>La tensi\u00f3n pol\u00edtica marc\u00f3 gran parte del evento ciclista. Las protestas se centraron en el rechazo al equipo israel\u00ed Premier Tech, que durante la competencia opt\u00f3 por retirar su nombre de los uniformes. Espa\u00f1a, bajo el liderazgo del presidente Pedro S\u00e1nchez, ha adoptado una postura cr\u00edtica hacia el gobierno israel\u00ed, sum\u00e1ndose a iniciativas internacionales como la demanda por genocidio presentada ante la Corte Internacional de Justicia.<\/p>\n\n\n\n<p>En jornadas previas, al menos siete etapas fueron modificadas o interrumpidas por motivos similares. Se reportaron m\u00e1s de 20 detenidos, y en una ocasi\u00f3n, un manifestante logr\u00f3 irrumpir en la ruta provocando la ca\u00edda de dos ciclistas, uno de los cuales debi\u00f3 abandonar la competencia posteriormente.<\/p>\n\n\n\n<p>La etapa final tambi\u00e9n sufri\u00f3 una reducci\u00f3n de 5 kil\u00f3metros por problemas de tr\u00e1fico en la ciudad. A pesar del caos, no se registraron incidentes mayores al inicio de la jornada.<\/p>\n\n\n\n<p>De confirmarse los resultados, Vingegaard sumar\u00eda su tercer t\u00edtulo de una Gran Vuelta, tras sus victorias en el Tour de Francia de 2022 y 2023.<\/p>\n","protected":false},"excerpt":{"rendered":"<p>La \u00faltima etapa de la Vuelta a Espa\u00f1a 2025 fue abruptamente interrumpida debido a manifestaciones propalestinas que se desarrollaron en las calles de la capital espa\u00f1ola, lo que oblig\u00f3 a los organizadores a cancelar la ceremonia de premiaci\u00f3n ya acortar el recorrido final. Los disturbios se producen cerca del circuito de meta, donde un grupo [&hellip;]<\/p>\n","protected":false},"author":4,"featured_media":68217,"comment_status":"open","ping_status":"open","sticky":false,"template":"","format":"standard","meta":{"om_disable_all_campaigns":false,"_monsterinsights_skip_tracking":false,"_monsterinsights_sitenote_active":false,"_monsterinsights_sitenote_note":"","_monsterinsights_sitenote_category":0,"footnotes":""},"categories":[183],"tags":[],"class_list":["post-68216","post","type-post","status-publish","format-standard","has-post-thumbnail","hentry","category-internacional"],"amp_enabled":true,"_links":{"self":[{"href":"https:\/\/lahora.mx\/index.php\/wp-json\/wp\/v2\/posts\/68216","targetHints":{"allow":["GET"]}}],"collection":[{"href":"https:\/\/lahora.mx\/index.php\/wp-json\/wp\/v2\/posts"}],"about":[{"href":"https:\/\/lahora.mx\/index.php\/wp-json\/wp\/v2\/types\/post"}],"author":[{"embeddable":true,"href":"https:\/\/lahora.mx\/index.php\/wp-json\/wp\/v2\/users\/4"}],"replies":[{"embeddable":true,"href":"https:\/\/lahora.mx\/index.php\/wp-json\/wp\/v2\/comments?post=68216"}],"version-history":[{"count":1,"href":"https:\/\/lahora.mx\/index.php\/wp-json\/wp\/v2\/posts\/68216\/revisions"}],"predecessor-version":[{"id":68218,"href":"https:\/\/lahora.mx\/index.php\/wp-json\/wp\/v2\/posts\/68216\/revisions\/68218"}],"wp:featuredmedia":[{"embeddable":true,"href":"https:\/\/lahora.mx\/index.php\/wp-json\/wp\/v2\/media\/68217"}],"wp:attachment":[{"href":"https:\/\/lahora.mx\/index.php\/wp-json\/wp\/v2\/media?parent=68216"}],"wp:term":[{"taxonomy":"category","embeddable":true,"href":"https:\/\/lahora.mx\/index.php\/wp-json\/wp\/v2\/categories?post=68216"},{"taxonomy":"post_tag","embeddable":true,"href":"https:\/\/lahora.mx\/index.php\/wp-json\/wp\/v2\/tags?post=68216"}],"curies":[{"name":"wp","href":"https:\/\/api.w.org\/{rel}","templated":true}]}}