{"id":68207,"date":"2025-09-14T22:43:46","date_gmt":"2025-09-14T22:43:46","guid":{"rendered":"https:\/\/lahora.mx\/?p=68207"},"modified":"2025-09-14T22:43:47","modified_gmt":"2025-09-14T22:43:47","slug":"tormenta-tropical-mario-se-intensifica-frente-a-baja-california-sur","status":"publish","type":"post","link":"https:\/\/lahora.mx\/index.php\/2025\/09\/14\/tormenta-tropical-mario-se-intensifica-frente-a-baja-california-sur\/","title":{"rendered":"Tormenta tropical Mario se intensifica frente a Baja California Sur"},"content":{"rendered":"\n<p>La tormenta tropical Mario se intensific\u00f3 frente a las costas del Pac\u00edfico mexicano y se encuentra aproximadamente a 490 kil\u00f3metros al sur de Cabo San Lucas, en Baja California Sur. De acuerdo con el Servicio Meteorol\u00f3gico Nacional y Protecci\u00f3n Civil, el fen\u00f3meno presenta vientos sostenidos con rachas m\u00e1s intensas y un desplazamiento hacia el noroeste, por lo que se espera que entre el 15 y 16 de septiembre se acerque a la pen\u00ednsula sin que, por ahora, se prevea un impacto directo en tierra.<\/p>\n\n\n\n<p>Las autoridades se\u00f1alaron que el sistema generar\u00e1 lluvias intensas en diversas zonas de Baja California Sur, adem\u00e1s de oleaje elevado y condiciones mar\u00edtimas adversas, lo que podr\u00eda ocasionar inundaciones puntuales, cortes de carreteras y deslaves en terrenos de ladera. En municipios costeros como La Paz y Los Cabos, la poblaci\u00f3n ha reportado a trav\u00e9s de redes sociales la presencia de r\u00e1fagas de viento, aguaceros intermitentes y un notable incremento en el oleaje.<br><br>El fen\u00f3meno ha despertado preocupaci\u00f3n entre la poblaci\u00f3n, pues videos compartidos en Facebook e Instagram muestran el crecimiento de arroyos y encharcamientos en vialidades. Al mismo tiempo, Protecci\u00f3n Civil ha pedido a los habitantes mantenerse informados \u00fanicamente a trav\u00e9s de fuentes oficiales y evitar difundir rumores, recordando que el sereno seguimiento de las indicaciones es fundamental para prevenir accidentes.<\/p>\n","protected":false},"excerpt":{"rendered":"<p>La tormenta tropical Mario se intensific\u00f3 frente a las costas del Pac\u00edfico mexicano y se encuentra aproximadamente a 490 kil\u00f3metros al sur de Cabo San Lucas, en Baja California Sur. De acuerdo con el Servicio Meteorol\u00f3gico Nacional y Protecci\u00f3n Civil, el fen\u00f3meno presenta vientos sostenidos con rachas m\u00e1s intensas y un desplazamiento hacia el noroeste, [&hellip;]<\/p>\n","protected":false},"author":4,"featured_media":68208,"comment_status":"open","ping_status":"open","sticky":false,"template":"","format":"standard","meta":{"om_disable_all_campaigns":false,"_monsterinsights_skip_tracking":false,"_monsterinsights_sitenote_active":false,"_monsterinsights_sitenote_note":"","_monsterinsights_sitenote_category":0,"footnotes":""},"categories":[176],"tags":[195],"class_list":["post-68207","post","type-post","status-publish","format-standard","has-post-thumbnail","hentry","category-nacional","tag-principal"],"amp_enabled":true,"_links":{"self":[{"href":"https:\/\/lahora.mx\/index.php\/wp-json\/wp\/v2\/posts\/68207","targetHints":{"allow":["GET"]}}],"collection":[{"href":"https:\/\/lahora.mx\/index.php\/wp-json\/wp\/v2\/posts"}],"about":[{"href":"https:\/\/lahora.mx\/index.php\/wp-json\/wp\/v2\/types\/post"}],"author":[{"embeddable":true,"href":"https:\/\/lahora.mx\/index.php\/wp-json\/wp\/v2\/users\/4"}],"replies":[{"embeddable":true,"href":"https:\/\/lahora.mx\/index.php\/wp-json\/wp\/v2\/comments?post=68207"}],"version-history":[{"count":1,"href":"https:\/\/lahora.mx\/index.php\/wp-json\/wp\/v2\/posts\/68207\/revisions"}],"predecessor-version":[{"id":68209,"href":"https:\/\/lahora.mx\/index.php\/wp-json\/wp\/v2\/posts\/68207\/revisions\/68209"}],"wp:featuredmedia":[{"embeddable":true,"href":"https:\/\/lahora.mx\/index.php\/wp-json\/wp\/v2\/media\/68208"}],"wp:attachment":[{"href":"https:\/\/lahora.mx\/index.php\/wp-json\/wp\/v2\/media?parent=68207"}],"wp:term":[{"taxonomy":"category","embeddable":true,"href":"https:\/\/lahora.mx\/index.php\/wp-json\/wp\/v2\/categories?post=68207"},{"taxonomy":"post_tag","embeddable":true,"href":"https:\/\/lahora.mx\/index.php\/wp-json\/wp\/v2\/tags?post=68207"}],"curies":[{"name":"wp","href":"https:\/\/api.w.org\/{rel}","templated":true}]}}