{"id":68201,"date":"2025-09-14T16:14:26","date_gmt":"2025-09-14T16:14:26","guid":{"rendered":"https:\/\/lahora.mx\/?p=68201"},"modified":"2025-09-14T16:14:27","modified_gmt":"2025-09-14T16:14:27","slug":"invita-tonantzin-fernandez-a-vivir-ultimos-dias-de-feria-de-san-pedro-cholula","status":"publish","type":"post","link":"https:\/\/lahora.mx\/index.php\/2025\/09\/14\/invita-tonantzin-fernandez-a-vivir-ultimos-dias-de-feria-de-san-pedro-cholula\/","title":{"rendered":"Invita Tonantzin Fern\u00e1ndez a vivir \u00faltimos d\u00edas de feria de San Pedro Cholula"},"content":{"rendered":"\n<p>La presidenta municipal de San Pedro Cholula, Tonantzin Fern\u00e1ndez Diaz invit\u00f3 a todas las familias a vivir los \u00faltimos d\u00edas de la feria patronal de este municipio, asever\u00f3 que adem\u00e1s podr\u00e1n encontrar lo necesario para conmemorar el Grito de Independencia.<\/p>\n\n\n\n<p>Tras concluir la ceremonia conmemorativa a la gesta heroica de los Ni\u00f1os H\u00e9roes, Fern\u00e1ndez D\u00edaz dijo que est\u00e1 contenta por la respuesta a la feria, donde todos los conciertos han sido llenos totales, y llam\u00f3 a no desaprovechar los \u00faltimos d\u00edas de actividad.<br><br>\u201cInvito a todos a que vengan a la feria de Cholula todav\u00eda nos quedan s\u00e1bado, domingo, el lunes y martes como parte de las actividades, vengan a comprar todo para las actividades de fiestas patrias, podr\u00e1n encontrar bordados, cosas t\u00edpicas\u201d.<\/p>\n\n\n\n<p>Agreg\u00f3 que la derrama econ\u00f3mica ha sido positiva y hoy m\u00e1s que nunca se debe apoyar a los comerciantes y artesanos.<\/p>\n\n\n\n<p>Record\u00f3 que el Grito de Independencia ser\u00e1 el a las 23 horas en la plaza de la Concordia y donde esperan hacer un evento inolvidable.<\/p>\n","protected":false},"excerpt":{"rendered":"<p>La presidenta municipal de San Pedro Cholula, Tonantzin Fern\u00e1ndez Diaz invit\u00f3 a todas las familias a vivir los \u00faltimos d\u00edas de la feria patronal de este municipio, asever\u00f3 que adem\u00e1s podr\u00e1n encontrar lo necesario para conmemorar el Grito de Independencia. Tras concluir la ceremonia conmemorativa a la gesta heroica de los Ni\u00f1os H\u00e9roes, Fern\u00e1ndez D\u00edaz [&hellip;]<\/p>\n","protected":false},"author":4,"featured_media":68202,"comment_status":"open","ping_status":"open","sticky":false,"template":"","format":"standard","meta":{"om_disable_all_campaigns":false,"_monsterinsights_skip_tracking":false,"_monsterinsights_sitenote_active":false,"_monsterinsights_sitenote_note":"","_monsterinsights_sitenote_category":0,"footnotes":""},"categories":[5],"tags":[234,223],"class_list":["post-68201","post","type-post","status-publish","format-standard","has-post-thumbnail","hentry","category-politica","tag-cholula","tag-puebla"],"amp_enabled":true,"_links":{"self":[{"href":"https:\/\/lahora.mx\/index.php\/wp-json\/wp\/v2\/posts\/68201","targetHints":{"allow":["GET"]}}],"collection":[{"href":"https:\/\/lahora.mx\/index.php\/wp-json\/wp\/v2\/posts"}],"about":[{"href":"https:\/\/lahora.mx\/index.php\/wp-json\/wp\/v2\/types\/post"}],"author":[{"embeddable":true,"href":"https:\/\/lahora.mx\/index.php\/wp-json\/wp\/v2\/users\/4"}],"replies":[{"embeddable":true,"href":"https:\/\/lahora.mx\/index.php\/wp-json\/wp\/v2\/comments?post=68201"}],"version-history":[{"count":1,"href":"https:\/\/lahora.mx\/index.php\/wp-json\/wp\/v2\/posts\/68201\/revisions"}],"predecessor-version":[{"id":68203,"href":"https:\/\/lahora.mx\/index.php\/wp-json\/wp\/v2\/posts\/68201\/revisions\/68203"}],"wp:featuredmedia":[{"embeddable":true,"href":"https:\/\/lahora.mx\/index.php\/wp-json\/wp\/v2\/media\/68202"}],"wp:attachment":[{"href":"https:\/\/lahora.mx\/index.php\/wp-json\/wp\/v2\/media?parent=68201"}],"wp:term":[{"taxonomy":"category","embeddable":true,"href":"https:\/\/lahora.mx\/index.php\/wp-json\/wp\/v2\/categories?post=68201"},{"taxonomy":"post_tag","embeddable":true,"href":"https:\/\/lahora.mx\/index.php\/wp-json\/wp\/v2\/tags?post=68201"}],"curies":[{"name":"wp","href":"https:\/\/api.w.org\/{rel}","templated":true}]}}