{"id":68195,"date":"2025-09-14T16:10:26","date_gmt":"2025-09-14T16:10:26","guid":{"rendered":"https:\/\/lahora.mx\/?p=68195"},"modified":"2025-09-14T16:10:27","modified_gmt":"2025-09-14T16:10:27","slug":"garantiza-imss-puebla-atencion-de-urgencias-y-hospitalizacion-los-dias-15-y-16-de-septiembre","status":"publish","type":"post","link":"https:\/\/lahora.mx\/index.php\/2025\/09\/14\/garantiza-imss-puebla-atencion-de-urgencias-y-hospitalizacion-los-dias-15-y-16-de-septiembre\/","title":{"rendered":"Garantiza IMSS Puebla atenci\u00f3n de Urgencias y hospitalizaci\u00f3n los d\u00edas 15 y 16 de septiembre"},"content":{"rendered":"\n<p><strong>El Instituto Mexicano del Seguro Social (IMSS) en Puebla brindar\u00e1 servicios de manera regular en Urgencias y hospitalizaci\u00f3n, durante el lunes 15 y martes 16 de septiembre.<\/strong><\/p>\n\n\n\n<p>El titular de la Jefatura de Servicios de Prestaciones M\u00e9dicas, doctor Ernesto Corona Alvarado, destac\u00f3 que los derechohabientes, en caso de presentar una urgencia que ponga en riesgo su vida o la funci\u00f3n de alg\u00fan \u00f3rgano, podr\u00e1n acudir a las siguientes unidades m\u00e9dicas de primer y segundo nivel:<br><br>\u2b9a Hospital General de Zona (HGZ) No. 20 \u201cLa Margarita\u201d<br>\u2b9a HGZ No. 35 \u201cCuautlancingo\u201d.<br>\u2b9a Unidades de Medicina Familiar (UMF) que cuentan con \u00e1rea de Urgencias: No. 1, No. 2, No. 6, No. 7, No. 8, No. 11, No. 12, No. 22, No. 24, No. 26, No. 34, No. 55 y No. 57.<br>\u2b9a En el interior del estado operar\u00e1n los Hospitales Generales de Zona (HGZ) No. 5, en Metepec; No. 10, en Nuevo Necaxa, No. 15, en Tehuac\u00e1n, y No. 23, en Teziutl\u00e1n.<br>Asimismo, Corona Alvarado explic\u00f3 que estar\u00e1n disponibles los servicios de Atenci\u00f3n M\u00e9dica Continua de la Unidad M\u00e9dica de Alta Especialidad (UMAE) Hospital de Especialidades del Centro M\u00e9dico Nacional \u201cManuel \u00c1vila Camacho\u201d, y la UMAE Hospital de Traumatolog\u00eda y Ortopedia (HTO).<\/p>\n\n\n\n<p>Adem\u00e1s, estar\u00e1n disponibles los servicios de Urgencias y hospitalizaci\u00f3n en los siete nosocomios rurales ubicados en: Tepexi de Rodr\u00edguez, San Salvador El Seco, Villa \u00c1vila Camacho (La Ceiba), Zacapoaxtla, Chignahuapan, Chiautla de Tapia e Ixtepec.<\/p>\n","protected":false},"excerpt":{"rendered":"<p>El Instituto Mexicano del Seguro Social (IMSS) en Puebla brindar\u00e1 servicios de manera regular en Urgencias y hospitalizaci\u00f3n, durante el lunes 15 y martes 16 de septiembre. El titular de la Jefatura de Servicios de Prestaciones M\u00e9dicas, doctor Ernesto Corona Alvarado, destac\u00f3 que los derechohabientes, en caso de presentar una urgencia que ponga en riesgo [&hellip;]<\/p>\n","protected":false},"author":4,"featured_media":68196,"comment_status":"open","ping_status":"open","sticky":false,"template":"","format":"standard","meta":{"om_disable_all_campaigns":false,"_monsterinsights_skip_tracking":false,"_monsterinsights_sitenote_active":false,"_monsterinsights_sitenote_note":"","_monsterinsights_sitenote_category":0,"footnotes":""},"categories":[252],"tags":[195,223],"class_list":["post-68195","post","type-post","status-publish","format-standard","has-post-thumbnail","hentry","category-salud","tag-principal","tag-puebla"],"amp_enabled":true,"_links":{"self":[{"href":"https:\/\/lahora.mx\/index.php\/wp-json\/wp\/v2\/posts\/68195","targetHints":{"allow":["GET"]}}],"collection":[{"href":"https:\/\/lahora.mx\/index.php\/wp-json\/wp\/v2\/posts"}],"about":[{"href":"https:\/\/lahora.mx\/index.php\/wp-json\/wp\/v2\/types\/post"}],"author":[{"embeddable":true,"href":"https:\/\/lahora.mx\/index.php\/wp-json\/wp\/v2\/users\/4"}],"replies":[{"embeddable":true,"href":"https:\/\/lahora.mx\/index.php\/wp-json\/wp\/v2\/comments?post=68195"}],"version-history":[{"count":1,"href":"https:\/\/lahora.mx\/index.php\/wp-json\/wp\/v2\/posts\/68195\/revisions"}],"predecessor-version":[{"id":68197,"href":"https:\/\/lahora.mx\/index.php\/wp-json\/wp\/v2\/posts\/68195\/revisions\/68197"}],"wp:featuredmedia":[{"embeddable":true,"href":"https:\/\/lahora.mx\/index.php\/wp-json\/wp\/v2\/media\/68196"}],"wp:attachment":[{"href":"https:\/\/lahora.mx\/index.php\/wp-json\/wp\/v2\/media?parent=68195"}],"wp:term":[{"taxonomy":"category","embeddable":true,"href":"https:\/\/lahora.mx\/index.php\/wp-json\/wp\/v2\/categories?post=68195"},{"taxonomy":"post_tag","embeddable":true,"href":"https:\/\/lahora.mx\/index.php\/wp-json\/wp\/v2\/tags?post=68195"}],"curies":[{"name":"wp","href":"https:\/\/api.w.org\/{rel}","templated":true}]}}