{"id":68186,"date":"2025-09-13T01:56:32","date_gmt":"2025-09-13T01:56:32","guid":{"rendered":"https:\/\/lahora.mx\/?p=68186"},"modified":"2025-09-13T01:56:33","modified_gmt":"2025-09-13T01:56:33","slug":"grupo-ensamble-hace-vibrar-la-gran-feria-de-cholula-con-sus-exitos","status":"publish","type":"post","link":"https:\/\/lahora.mx\/index.php\/2025\/09\/13\/grupo-ensamble-hace-vibrar-la-gran-feria-de-cholula-con-sus-exitos\/","title":{"rendered":"Grupo Ensamble hace vibrar la Gran Feria de Cholula con sus \u00e9xitos"},"content":{"rendered":"\n<p>La Gran Feria de San Pedro Cholula contin\u00faa sorprendiendo a sus visitantes con espect\u00e1culos de primer nivel en su foro art\u00edstico , mientras millas de personas disfrutan del Corredor de Pueblos M\u00e1gicos , Gastron\u00f3mico y Comercial .<\/p>\n\n\n\n<p>La presidenta municipal, Tonantzin Fern\u00e1ndez , expres\u00f3 su entusiasmo por recibir a artistas de gran calidad en el marco de la feria, destacando la presentaci\u00f3n de la agrupaci\u00f3n veracruzana Grupo Ensamble , que cerr\u00f3 con broche de oro la jornada de este jueves.<\/p>\n\n\n\n<p>Con su estilo caracter\u00edstico , Grupo Ensamble puso a bailar y cantar a cholultecas y visitantes. La agrupaci\u00f3n agradeci\u00f3 la calidez del p\u00fablico y asegur\u00f3 llevarse un grato recuerdo de San Pedro Cholula , donde siempre son recibidos con entusiasmo y hospitalidad .<\/p>\n\n\n\n<p>El espect\u00e1culo entre fuegos artificiales y baile , dando paso a la expectativa por las pr\u00f3ximas presentaciones de Los Askis , El Bogueto , Sonido Famoso y Los Acosta , que prometen mantener la alegr\u00eda y la tradici\u00f3n de la feria.<\/p>\n\n\n\n<p>Con estas actividades, el Ayuntamiento de San Pedro Cholula 2024\u20132027 reafirma su compromiso de ofrecer espect\u00e1culos de calidad en un ambiente familiar y seguro , impulsando el turismo y fortaleciendo la identidad cultural de la regi\u00f3n.<\/p>\n","protected":false},"excerpt":{"rendered":"<p>La Gran Feria de San Pedro Cholula contin\u00faa sorprendiendo a sus visitantes con espect\u00e1culos de primer nivel en su foro art\u00edstico , mientras millas de personas disfrutan del Corredor de Pueblos M\u00e1gicos , Gastron\u00f3mico y Comercial . La presidenta municipal, Tonantzin Fern\u00e1ndez , expres\u00f3 su entusiasmo por recibir a artistas de gran calidad en el [&hellip;]<\/p>\n","protected":false},"author":4,"featured_media":68187,"comment_status":"open","ping_status":"open","sticky":false,"template":"","format":"standard","meta":{"om_disable_all_campaigns":false,"_monsterinsights_skip_tracking":false,"_monsterinsights_sitenote_active":false,"_monsterinsights_sitenote_note":"","_monsterinsights_sitenote_category":0,"footnotes":""},"categories":[3],"tags":[234,223],"class_list":["post-68186","post","type-post","status-publish","format-standard","has-post-thumbnail","hentry","category-entretenimiento","tag-cholula","tag-puebla"],"amp_enabled":true,"_links":{"self":[{"href":"https:\/\/lahora.mx\/index.php\/wp-json\/wp\/v2\/posts\/68186","targetHints":{"allow":["GET"]}}],"collection":[{"href":"https:\/\/lahora.mx\/index.php\/wp-json\/wp\/v2\/posts"}],"about":[{"href":"https:\/\/lahora.mx\/index.php\/wp-json\/wp\/v2\/types\/post"}],"author":[{"embeddable":true,"href":"https:\/\/lahora.mx\/index.php\/wp-json\/wp\/v2\/users\/4"}],"replies":[{"embeddable":true,"href":"https:\/\/lahora.mx\/index.php\/wp-json\/wp\/v2\/comments?post=68186"}],"version-history":[{"count":1,"href":"https:\/\/lahora.mx\/index.php\/wp-json\/wp\/v2\/posts\/68186\/revisions"}],"predecessor-version":[{"id":68188,"href":"https:\/\/lahora.mx\/index.php\/wp-json\/wp\/v2\/posts\/68186\/revisions\/68188"}],"wp:featuredmedia":[{"embeddable":true,"href":"https:\/\/lahora.mx\/index.php\/wp-json\/wp\/v2\/media\/68187"}],"wp:attachment":[{"href":"https:\/\/lahora.mx\/index.php\/wp-json\/wp\/v2\/media?parent=68186"}],"wp:term":[{"taxonomy":"category","embeddable":true,"href":"https:\/\/lahora.mx\/index.php\/wp-json\/wp\/v2\/categories?post=68186"},{"taxonomy":"post_tag","embeddable":true,"href":"https:\/\/lahora.mx\/index.php\/wp-json\/wp\/v2\/tags?post=68186"}],"curies":[{"name":"wp","href":"https:\/\/api.w.org\/{rel}","templated":true}]}}