{"id":68183,"date":"2025-09-13T01:53:56","date_gmt":"2025-09-13T01:53:56","guid":{"rendered":"https:\/\/lahora.mx\/?p=68183"},"modified":"2025-09-13T01:53:57","modified_gmt":"2025-09-13T01:53:57","slug":"demanda-acusa-a-eu-de-usar-camisas-de-fuerza-en-deportacion-de-migrantes-a-ghana","status":"publish","type":"post","link":"https:\/\/lahora.mx\/index.php\/2025\/09\/13\/demanda-acusa-a-eu-de-usar-camisas-de-fuerza-en-deportacion-de-migrantes-a-ghana\/","title":{"rendered":"Demanda acusa a EU de usar camisas de fuerza en deportaci\u00f3n de migrantes a Ghana"},"content":{"rendered":"\n<p>Cinco migrantes de \u00c1frica Occidental presentaron una demanda federal en la que acusan a las autoridades estadounidenses de haberlos retenidos en camisas de fuerza durante 16 horas en un vuelo de deportaci\u00f3n con destino a Ghana , donde todos los pasajeros permanecieron esposados \u200b\u200by solo recibieron pan y agua.<\/p>\n\n\n\n<p>Seg\u00fan la denuncia, los migrantes fueron despertados en la madrugada del 5 de septiembre en un centro de detenci\u00f3n de ICE en Alexandria, Luisiana, sin informarles su destino hasta horas despu\u00e9s de iniciado el vuelo, que fue operado en un avi\u00f3n de carga militar . Al llegar a Ghana, fueron trasladados a un centro de detenci\u00f3n al aire libre conocido como Dema Camp , donde permanecen bajo custodia de guardias militares armados en condiciones calificadas como \u201cp\u00e9simas\u201d, con refugios improvisados \u200b\u200bde lona y escasa agua potable.<\/p>\n\n\n\n<p>Los demandantes, identificados solo por sus iniciales, son tres nigerianos y dos gambianos , y argumentan que la deportaci\u00f3n a un pa\u00eds que no es el suyo contraviene las sentencias de jueces de inmigraci\u00f3n que les hab\u00edan otorgado protecci\u00f3n para no ser enviados a sus naciones de origen por riesgo de persecuci\u00f3n. \u201cLos acusados \u200b\u200bhan reclutado al gobierno de Ghana para que haga su trabajo sucio\u201d, se\u00f1ala la querella, que pide detener de inmediato estas deportaciones.<\/p>\n\n\n\n<p>El caso es el m\u00e1s reciente desaf\u00edo legal contra la pol\u00edtica de la administraci\u00f3n de Donald Trump de enviar migrantes a terceros pa\u00edses, entre ellos El Salvador, Panam\u00e1, Costa Rica y otras naciones africanas. Cuatro de los demandantes est\u00e1n en riesgo inminente de ser enviados a sus pa\u00edses en cuesti\u00f3n de horas, mientras que uno ya fue deportado a Gambia y se encuentra escondido. El Departamento de Seguridad Nacional y el ICE no han respondido a las acusaciones.<\/p>\n","protected":false},"excerpt":{"rendered":"<p>Cinco migrantes de \u00c1frica Occidental presentaron una demanda federal en la que acusan a las autoridades estadounidenses de haberlos retenidos en camisas de fuerza durante 16 horas en un vuelo de deportaci\u00f3n con destino a Ghana , donde todos los pasajeros permanecieron esposados \u200b\u200by solo recibieron pan y agua. Seg\u00fan la denuncia, los migrantes fueron [&hellip;]<\/p>\n","protected":false},"author":4,"featured_media":68184,"comment_status":"open","ping_status":"open","sticky":false,"template":"","format":"standard","meta":{"om_disable_all_campaigns":false,"_monsterinsights_skip_tracking":false,"_monsterinsights_sitenote_active":false,"_monsterinsights_sitenote_note":"","_monsterinsights_sitenote_category":0,"footnotes":""},"categories":[183],"tags":[],"class_list":["post-68183","post","type-post","status-publish","format-standard","has-post-thumbnail","hentry","category-internacional"],"amp_enabled":true,"_links":{"self":[{"href":"https:\/\/lahora.mx\/index.php\/wp-json\/wp\/v2\/posts\/68183","targetHints":{"allow":["GET"]}}],"collection":[{"href":"https:\/\/lahora.mx\/index.php\/wp-json\/wp\/v2\/posts"}],"about":[{"href":"https:\/\/lahora.mx\/index.php\/wp-json\/wp\/v2\/types\/post"}],"author":[{"embeddable":true,"href":"https:\/\/lahora.mx\/index.php\/wp-json\/wp\/v2\/users\/4"}],"replies":[{"embeddable":true,"href":"https:\/\/lahora.mx\/index.php\/wp-json\/wp\/v2\/comments?post=68183"}],"version-history":[{"count":1,"href":"https:\/\/lahora.mx\/index.php\/wp-json\/wp\/v2\/posts\/68183\/revisions"}],"predecessor-version":[{"id":68185,"href":"https:\/\/lahora.mx\/index.php\/wp-json\/wp\/v2\/posts\/68183\/revisions\/68185"}],"wp:featuredmedia":[{"embeddable":true,"href":"https:\/\/lahora.mx\/index.php\/wp-json\/wp\/v2\/media\/68184"}],"wp:attachment":[{"href":"https:\/\/lahora.mx\/index.php\/wp-json\/wp\/v2\/media?parent=68183"}],"wp:term":[{"taxonomy":"category","embeddable":true,"href":"https:\/\/lahora.mx\/index.php\/wp-json\/wp\/v2\/categories?post=68183"},{"taxonomy":"post_tag","embeddable":true,"href":"https:\/\/lahora.mx\/index.php\/wp-json\/wp\/v2\/tags?post=68183"}],"curies":[{"name":"wp","href":"https:\/\/api.w.org\/{rel}","templated":true}]}}