{"id":68155,"date":"2025-09-12T19:12:14","date_gmt":"2025-09-12T19:12:14","guid":{"rendered":"https:\/\/lahora.mx\/?p=68155"},"modified":"2025-09-12T19:12:15","modified_gmt":"2025-09-12T19:12:15","slug":"invita-issstep-a-semana-de-la-medicina-de-urgencias-y-desastres","status":"publish","type":"post","link":"https:\/\/lahora.mx\/index.php\/2025\/09\/12\/invita-issstep-a-semana-de-la-medicina-de-urgencias-y-desastres\/","title":{"rendered":"Invita ISSSTEP a Semana de la Medicina de Urgencias y Desastres"},"content":{"rendered":"\n<p>Las y los asistentes podr\u00e1n participar en distintas ponencias impartidas por profesionales del \u00c1rea M\u00e9dica, Enfermer\u00eda, Protecci\u00f3n Civil y Cuerpo de Bomberos, para obtener informaci\u00f3n sobre c\u00f3mo actuar ante emergencias o desastres, adem\u00e1s de fortalecer el rol del personal de la salud e impulsar la preparaci\u00f3n de los hospitales con una respuesta inmediata ante contingencias.<\/p>\n\n\n\n<p>En su intervenci\u00f3n, el director general, Luis Antonio Godina Herrera, resalt\u00f3 que dentro de las actividades agendadas, se dedicar\u00e1 un espacio para promover la cultura de la seguridad en las instalaciones hospitalarias, debido a que es importante contar con hospitales seguros. As\u00ed mismo, indic\u00f3 la participaci\u00f3n del Congreso del Estado de Puebla con un Proyecto de Ley que propone espacios p\u00fablicos cardioprotegidos, cuyo objetivo es promover lugares que cuenten con un desfibrilador externo autom\u00e1tico y personal capacitado para brindar asistencia en caso de una emergencia cardiaca.<\/p>\n\n\n\n<p>Las personas interesadas podr\u00e1n inscribirse a trav\u00e9s del portal: www.issstep.puebla.gob.mx. Para m\u00e1s informaci\u00f3n, comunicarse al 2225 68 88 83 o bien, a trav\u00e9s de las redes sociales oficiales: Issstep Puebla-Oficial (Facebook) y\/o ISSSTEP_Puebla (X).<\/p>\n","protected":false},"excerpt":{"rendered":"<p>Las y los asistentes podr\u00e1n participar en distintas ponencias impartidas por profesionales del \u00c1rea M\u00e9dica, Enfermer\u00eda, Protecci\u00f3n Civil y Cuerpo de Bomberos, para obtener informaci\u00f3n sobre c\u00f3mo actuar ante emergencias o desastres, adem\u00e1s de fortalecer el rol del personal de la salud e impulsar la preparaci\u00f3n de los hospitales con una respuesta inmediata ante contingencias. [&hellip;]<\/p>\n","protected":false},"author":4,"featured_media":68156,"comment_status":"open","ping_status":"open","sticky":false,"template":"","format":"standard","meta":{"om_disable_all_campaigns":false,"_monsterinsights_skip_tracking":false,"_monsterinsights_sitenote_active":false,"_monsterinsights_sitenote_note":"","_monsterinsights_sitenote_category":0,"footnotes":""},"categories":[252],"tags":[223],"class_list":["post-68155","post","type-post","status-publish","format-standard","has-post-thumbnail","hentry","category-salud","tag-puebla"],"amp_enabled":true,"_links":{"self":[{"href":"https:\/\/lahora.mx\/index.php\/wp-json\/wp\/v2\/posts\/68155","targetHints":{"allow":["GET"]}}],"collection":[{"href":"https:\/\/lahora.mx\/index.php\/wp-json\/wp\/v2\/posts"}],"about":[{"href":"https:\/\/lahora.mx\/index.php\/wp-json\/wp\/v2\/types\/post"}],"author":[{"embeddable":true,"href":"https:\/\/lahora.mx\/index.php\/wp-json\/wp\/v2\/users\/4"}],"replies":[{"embeddable":true,"href":"https:\/\/lahora.mx\/index.php\/wp-json\/wp\/v2\/comments?post=68155"}],"version-history":[{"count":1,"href":"https:\/\/lahora.mx\/index.php\/wp-json\/wp\/v2\/posts\/68155\/revisions"}],"predecessor-version":[{"id":68157,"href":"https:\/\/lahora.mx\/index.php\/wp-json\/wp\/v2\/posts\/68155\/revisions\/68157"}],"wp:featuredmedia":[{"embeddable":true,"href":"https:\/\/lahora.mx\/index.php\/wp-json\/wp\/v2\/media\/68156"}],"wp:attachment":[{"href":"https:\/\/lahora.mx\/index.php\/wp-json\/wp\/v2\/media?parent=68155"}],"wp:term":[{"taxonomy":"category","embeddable":true,"href":"https:\/\/lahora.mx\/index.php\/wp-json\/wp\/v2\/categories?post=68155"},{"taxonomy":"post_tag","embeddable":true,"href":"https:\/\/lahora.mx\/index.php\/wp-json\/wp\/v2\/tags?post=68155"}],"curies":[{"name":"wp","href":"https:\/\/api.w.org\/{rel}","templated":true}]}}