{"id":68146,"date":"2025-09-12T17:59:02","date_gmt":"2025-09-12T17:59:02","guid":{"rendered":"https:\/\/lahora.mx\/?p=68146"},"modified":"2025-09-12T17:59:07","modified_gmt":"2025-09-12T17:59:07","slug":"detienen-a-presunto-asesino-de-charlie-kirk-activista-conservador","status":"publish","type":"post","link":"https:\/\/lahora.mx\/index.php\/2025\/09\/12\/detienen-a-presunto-asesino-de-charlie-kirk-activista-conservador\/","title":{"rendered":"Detienen a presunto asesino de Charlie Kirk, activista conservador"},"content":{"rendered":"\n<p>El sospechoso de haber matado al activista de extrema derecha Charlie Kirk fue detenido este viernes tras una intensa b\u00fasqueda, inform\u00f3 el presidente de Estados Unidos, Donald Trump.<br>\u00abAlguien muy cercano a \u00e9l lo entreg\u00f3\u00bb, dijo Trump en una entrevista en vivo con Fox News.<\/p>\n\n\n\n<p>El mandatario explic\u00f3 que el joven se entreg\u00f3 a las fuerzas policiales despu\u00e9s de ser convencido por una persona de su c\u00edrculo familiar.<\/p>\n\n\n\n<p>M\u00e1s tarde, el gobernador de Utah confirm\u00f3 el arresto del presunto asesino del activista conservador Charlie Kirk y lo identific\u00f3 como Tyler Robinson, un joven de ese mismo estado.<\/p>\n\n\n\n<p>Charlie Kirk, asesinado en evento p\u00fablico<br>El comentarista de derecha recibi\u00f3 un balazo en el cuello durante un evento p\u00fablico realizado en la Utah Valley University el mi\u00e9rcoles pasado.<\/p>\n\n\n\n<p>Tras la agresi\u00f3n, una persona fue detenida, pero posteriormente liberada tras determinarse que no ten\u00eda relaci\u00f3n con el hecho.<\/p>\n\n\n\n<p>Ayer, el FBI encontr\u00f3 el arma que presuntamente se habr\u00eda utilizado en el ataque y difundi\u00f3 fotos del presunto sospechoso.<\/p>\n\n\n\n<p>De acuerdo con las primeras investigaciones, el atacante habr\u00eda subido al techo de un edificio cercano para disparar a Kirk y huir.<\/p>\n\n\n\n<p>El gran, e incluso legendario, Charlie Kirk ha fallecido. Nadie comprendi\u00f3 ni tuvo el Coraz\u00f3n de la Juventud en Estados Unidos mejor que Charlie. Fue querido y admirado por todos, especialmente por m\u00ed, y ahora ya no est\u00e1 con nosotros. Melania y yo expresamos nuestro m\u00e1s sentido p\u00e9same a su hermosa esposa Erika y a su familia. \u00a1Charlie, te queremos!\u00bb, dijo Trump en su cuenta de Truth Social tras el ataque.<\/p>\n\n\n\n<p>\u00bfQui\u00e9n fue Charlie Kirk?<br>Originario de los suburbios de Chicago, Charlie Kirk no complet\u00f3 estudios universitarios formales. En cambio, canaliz\u00f3 desde muy joven sus energ\u00edas hacia la pol\u00edtica: voluntario en campa\u00f1as republicanas durante la secundaria, columnista invitado en portales conservadores y orador precoz en foros como Fox News y Newsmax.<\/p>\n\n\n\n<p>Su ascenso en la \u00f3rbita del poder conservador fue mete\u00f3rico. Para 2016, con solo 22 a\u00f1os, ya se hab\u00eda ganado la confianza de la familia Trump, hasta el punto de fungir como asistente personal de Donald Trump Jr. durante la campa\u00f1a presidencial. Posteriormente, Kirk obtuvo un lugar en el escenario de la Convenci\u00f3n Nacional Republicana de 2020 como orador invitado, consolidando su posici\u00f3n como estrella ascendente del movimiento \u201cMake America Great Again\u201d (MAGA).<\/p>\n\n\n\n<p><br>Desde ese p\u00falpito, abog\u00f3 por causas conservadoras tradicionales y por la agenda populista y nacionalista de Trump, conectando especialmente con j\u00f3venes desencantados con lo que perciben como un establishment liberal en las instituciones educativas y los medios de comunicaci\u00f3n.<\/p>\n\n\n\n<p>El estilo de Charlie Kirk combin\u00f3 la ret\u00f3rica encendida de un activista con la estrategia medi\u00e1tica de un \u201cinfluencer\u201d pol\u00edtico. En giras por universidades, suele desafiar abiertamente a sus oponentes ideol\u00f3gicos en debates improvisados, present\u00e1ndose como un campe\u00f3n de la libre discusi\u00f3n frente a lo que llama la \u201ccensura progresista\u201d en los campus.<\/p>\n","protected":false},"excerpt":{"rendered":"<p>El sospechoso de haber matado al activista de extrema derecha Charlie Kirk fue detenido este viernes tras una intensa b\u00fasqueda, inform\u00f3 el presidente de Estados Unidos, Donald Trump.\u00abAlguien muy cercano a \u00e9l lo entreg\u00f3\u00bb, dijo Trump en una entrevista en vivo con Fox News. El mandatario explic\u00f3 que el joven se entreg\u00f3 a las fuerzas [&hellip;]<\/p>\n","protected":false},"author":4,"featured_media":68147,"comment_status":"open","ping_status":"open","sticky":false,"template":"","format":"standard","meta":{"om_disable_all_campaigns":false,"_monsterinsights_skip_tracking":false,"_monsterinsights_sitenote_active":false,"_monsterinsights_sitenote_note":"","_monsterinsights_sitenote_category":0,"footnotes":""},"categories":[183],"tags":[],"class_list":["post-68146","post","type-post","status-publish","format-standard","has-post-thumbnail","hentry","category-internacional"],"amp_enabled":true,"_links":{"self":[{"href":"https:\/\/lahora.mx\/index.php\/wp-json\/wp\/v2\/posts\/68146","targetHints":{"allow":["GET"]}}],"collection":[{"href":"https:\/\/lahora.mx\/index.php\/wp-json\/wp\/v2\/posts"}],"about":[{"href":"https:\/\/lahora.mx\/index.php\/wp-json\/wp\/v2\/types\/post"}],"author":[{"embeddable":true,"href":"https:\/\/lahora.mx\/index.php\/wp-json\/wp\/v2\/users\/4"}],"replies":[{"embeddable":true,"href":"https:\/\/lahora.mx\/index.php\/wp-json\/wp\/v2\/comments?post=68146"}],"version-history":[{"count":1,"href":"https:\/\/lahora.mx\/index.php\/wp-json\/wp\/v2\/posts\/68146\/revisions"}],"predecessor-version":[{"id":68148,"href":"https:\/\/lahora.mx\/index.php\/wp-json\/wp\/v2\/posts\/68146\/revisions\/68148"}],"wp:featuredmedia":[{"embeddable":true,"href":"https:\/\/lahora.mx\/index.php\/wp-json\/wp\/v2\/media\/68147"}],"wp:attachment":[{"href":"https:\/\/lahora.mx\/index.php\/wp-json\/wp\/v2\/media?parent=68146"}],"wp:term":[{"taxonomy":"category","embeddable":true,"href":"https:\/\/lahora.mx\/index.php\/wp-json\/wp\/v2\/categories?post=68146"},{"taxonomy":"post_tag","embeddable":true,"href":"https:\/\/lahora.mx\/index.php\/wp-json\/wp\/v2\/tags?post=68146"}],"curies":[{"name":"wp","href":"https:\/\/api.w.org\/{rel}","templated":true}]}}