{"id":68130,"date":"2025-09-12T03:25:14","date_gmt":"2025-09-12T03:25:14","guid":{"rendered":"https:\/\/lahora.mx\/?p=68130"},"modified":"2025-09-12T03:25:15","modified_gmt":"2025-09-12T03:25:15","slug":"maduro-anuncia-el-despliegue-militar-mas-grande-desde-2008-ante-presencia-de-eu-en-el-caribe","status":"publish","type":"post","link":"https:\/\/lahora.mx\/index.php\/2025\/09\/12\/maduro-anuncia-el-despliegue-militar-mas-grande-desde-2008-ante-presencia-de-eu-en-el-caribe\/","title":{"rendered":"Maduro anuncia el despliegue militar m\u00e1s grande desde 2008 ante presencia de EU en el Caribe"},"content":{"rendered":"\n<p>En respuesta a la creciente presencia militar de Estados Unidos en el Caribe, el presidente venezolano Nicol\u00e1s Maduro anunci\u00f3 este jueves un despliegue masivo de fuerzas militares, policiales y civiles en todo el pa\u00eds, el mayor desde 2008. El mandatario, por quien Washington ofrece una recompensa de 50 millones de d\u00f3lares, asegur\u00f3 que se han conformado 284 \u201cfrentes de batalla\u201d a lo largo del territorio nacional, aunque no precis\u00f3 el n\u00famero de efectivos movilizados.<\/p>\n\n\n\n<p>Desde Ciudad Caribia, acompa\u00f1ado por el ministro de Defensa Vladimir Padrino L\u00f3pez y otros funcionarios, Maduro declar\u00f3 que \u201cnos vamos al combate por la paz\u201d y afirm\u00f3 que Venezuela est\u00e1 preparada para una eventual confrontaci\u00f3n armada. \u201cEn este momento, de todas las costas venezolanas, desde la frontera con Colombia hasta el Oriente del pa\u00eds, tenemos todo un equipamiento de tropas\u201d, se\u00f1al\u00f3.<\/p>\n\n\n\n<p>El despliegue fue transmitido en vivo desde distintos puntos del pa\u00eds por la televisi\u00f3n estatal. La vicepresidenta Delcy Rodr\u00edguez , desde el estado Sucre, y el ministro del Interior Diosdado Cabello , desde Falc\u00f3n, confirmaron que el operativo incluye al Ej\u00e9rcito y la Armada, y tiene como objetivo resguardar infraestructura estrat\u00e9gica, v\u00edas de comunicaci\u00f3n y servicios esenciales. Cabello, vestido de uniforme militar, supervis\u00f3 las operaciones en Amuay, una de las principales refiner\u00edas del pa\u00eds.<\/p>\n\n\n\n<p>El anuncio ocurre despu\u00e9s de que Estados Unidos despliegue un contingente militar en el sur del Caribe para operaciones contra el narcotr\u00e1fico. La semana pasada, un ataque de fuerzas estadounidenses hundi\u00f3 una embarcaci\u00f3n venezolana y dej\u00f3 11 muertos, hecho que el gobierno de Donald Trump vincul\u00f3 al tr\u00e1fico de drogas. Cabello rechaz\u00f3 las acusaciones y asegur\u00f3 que las v\u00edctimas no eran narcotraficantes ni miembros del Tren de Aragua. \u201cSe ha cometido un asesinato contra un grupo de ciudadanos\u201d, denunci\u00f3, afirmando que las familias de los fallecidos reclaman justicia.<\/p>\n","protected":false},"excerpt":{"rendered":"<p>En respuesta a la creciente presencia militar de Estados Unidos en el Caribe, el presidente venezolano Nicol\u00e1s Maduro anunci\u00f3 este jueves un despliegue masivo de fuerzas militares, policiales y civiles en todo el pa\u00eds, el mayor desde 2008. El mandatario, por quien Washington ofrece una recompensa de 50 millones de d\u00f3lares, asegur\u00f3 que se han [&hellip;]<\/p>\n","protected":false},"author":4,"featured_media":68131,"comment_status":"open","ping_status":"open","sticky":false,"template":"","format":"standard","meta":{"om_disable_all_campaigns":false,"_monsterinsights_skip_tracking":false,"_monsterinsights_sitenote_active":false,"_monsterinsights_sitenote_note":"","_monsterinsights_sitenote_category":0,"footnotes":""},"categories":[183],"tags":[],"class_list":["post-68130","post","type-post","status-publish","format-standard","has-post-thumbnail","hentry","category-internacional"],"amp_enabled":true,"_links":{"self":[{"href":"https:\/\/lahora.mx\/index.php\/wp-json\/wp\/v2\/posts\/68130","targetHints":{"allow":["GET"]}}],"collection":[{"href":"https:\/\/lahora.mx\/index.php\/wp-json\/wp\/v2\/posts"}],"about":[{"href":"https:\/\/lahora.mx\/index.php\/wp-json\/wp\/v2\/types\/post"}],"author":[{"embeddable":true,"href":"https:\/\/lahora.mx\/index.php\/wp-json\/wp\/v2\/users\/4"}],"replies":[{"embeddable":true,"href":"https:\/\/lahora.mx\/index.php\/wp-json\/wp\/v2\/comments?post=68130"}],"version-history":[{"count":1,"href":"https:\/\/lahora.mx\/index.php\/wp-json\/wp\/v2\/posts\/68130\/revisions"}],"predecessor-version":[{"id":68132,"href":"https:\/\/lahora.mx\/index.php\/wp-json\/wp\/v2\/posts\/68130\/revisions\/68132"}],"wp:featuredmedia":[{"embeddable":true,"href":"https:\/\/lahora.mx\/index.php\/wp-json\/wp\/v2\/media\/68131"}],"wp:attachment":[{"href":"https:\/\/lahora.mx\/index.php\/wp-json\/wp\/v2\/media?parent=68130"}],"wp:term":[{"taxonomy":"category","embeddable":true,"href":"https:\/\/lahora.mx\/index.php\/wp-json\/wp\/v2\/categories?post=68130"},{"taxonomy":"post_tag","embeddable":true,"href":"https:\/\/lahora.mx\/index.php\/wp-json\/wp\/v2\/tags?post=68130"}],"curies":[{"name":"wp","href":"https:\/\/api.w.org\/{rel}","templated":true}]}}